{"id":13439,"date":"2021-05-20T12:05:34","date_gmt":"2021-05-20T12:05:34","guid":{"rendered":"https:\/\/www.mujerhoy.com\/vivir\/fitness\/202105\/20\/cristina-pedroche-rutina-infalible-tonificar-cuerpo-yoga-meditacion-20210520111936.html"},"modified":"2021-05-20T12:05:34","modified_gmt":"2021-05-20T12:05:34","slug":"la-rutina-infalible-de-cristina-pedroche-yoga-y-meditacion","status":"publish","type":"post","link":"http:\/\/cordobainforma.info\/index.php\/2021\/05\/20\/la-rutina-infalible-de-cristina-pedroche-yoga-y-meditacion\/","title":{"rendered":"La rutina infalible de Cristina Pedroche: yoga y meditaci\u00f3n"},"content":{"rendered":"<p>Es una de nuestras famosas m\u00e1s queridas y perseguida, casi a partes iguales. <span id=\"U140433449485dKF\">Cristina Pedroche convirti\u00f3 su vestuario para las Campanas en un espect\u00e1culo<\/span> capaz de congregar a millones de espa\u00f1oles \u2013hasta tal punto que se ha hecho <a href=\"https:\/\/www.mujerhoy.com\/celebrities\/alfombra-roja\/201909\/12\/vestidos-cristina-pedroche-nochevieja-campanadas-exposicion-moda-20190912114426.html\">una exposici\u00f3n con sus vestidos<\/a>&#8211; y su perfil de Instagram recibe miles de visitas cada d\u00eda. <\/p>\n<p>Sin embargo, y aunque lleva un estilo de vida de lo m\u00e1s saludable, ella ha sido una de las mujeres que <a href=\"https:\/\/www.mujerhoy.com\/vivir\/protagonistas\/201803\/25\/famosas-criticadas-cuerpo-peso-501357969113-ga.html\">se enfrenta con frecuencia a las cr\u00edticas por su cuerpo (y no es la \u00fanica)<\/a>. Hace frente a veces con humor, a veces incluso <a href=\"https:\/\/www.mujerhoy.com\/celebrities\/202009\/28\/cuanto-pesa-cristina-pedroche-cambio-fisico-foto-instagram-20200928110837.html\">compartiendo su peso <\/a>y en la mayor\u00eda de las ocasiones siguiendo adelante sin hacer demasiado caso a los haters. <\/p>\n<div class=\"comp_mm\">\n<figure><picture><source srcset=\"http:\/\/cordobainforma.info\/wp-content\/uploads\/2021\/05\/la-rutina-infalible-de-cristina-pedroche-yoga-y-meditacion.jpg, http:\/\/cordobainforma.info\/wp-content\/uploads\/2021\/05\/la-rutina-infalible-de-cristina-pedroche-yoga-y-meditacion.jpg 2x\" media=\"(min-width: 1054px)\"><source srcset=\"http:\/\/cordobainforma.info\/wp-content\/uploads\/2021\/05\/la-rutina-infalible-de-cristina-pedroche-yoga-y-meditacion.jpg, http:\/\/cordobainforma.info\/wp-content\/uploads\/2021\/05\/la-rutina-infalible-de-cristina-pedroche-yoga-y-meditacion.jpg 2x\" media=\"(min-width: 720px)\"><source srcset=\"https:\/\/resizer.mujerhoy.com\/resizer\/resizer.php?imagen=http:\/\/cordobainforma.info\/wp-content\/uploads\/2021\/05\/la-rutina-infalible-de-cristina-pedroche-yoga-y-meditacion.jpg&amp;nuevoalto=483&amp;nuevoancho=644\"><img src=\"http:\/\/cordobainforma.info\/wp-content\/uploads\/2021\/05\/la-rutina-infalible-de-cristina-pedroche-yoga-y-meditacion.jpg\" alt=\"Cristina Pedroche en un momento de la grabaci&amp;oacute;n de Love Island\" title=\"Cristina Pedroche en un momento de la grabaci&amp;oacute;n de Love Island\" itemprop=\"image\"><\/picture><figcaption> Cristina Pedroche en un momento de la grabaci\u00f3n de Love Island <span class=\"firma\"><\/span><\/figcaption><\/figure>\n<\/div>\n<p>Ahora, que est\u00e1 inmersa en el programa Love Island, sigue encontrando momentos para llevar a cabo sus rutinas. La hemos visto entrenando en la isla con Vikika y tambi\u00e9n dedic\u00e1ndose tiempo a ella misma para trabajar cuerpo y mente. <\/p>\n<div class=\"comp_mm\">\n<figure><picture><source srcset=\"http:\/\/cordobainforma.info\/wp-content\/uploads\/2021\/05\/la-rutina-infalible-de-cristina-pedroche-yoga-y-meditacion-1.jpg, http:\/\/cordobainforma.info\/wp-content\/uploads\/2021\/05\/la-rutina-infalible-de-cristina-pedroche-yoga-y-meditacion-1.jpg 2x\" media=\"(min-width: 1054px)\"><source srcset=\"http:\/\/cordobainforma.info\/wp-content\/uploads\/2021\/05\/la-rutina-infalible-de-cristina-pedroche-yoga-y-meditacion-1.jpg, http:\/\/cordobainforma.info\/wp-content\/uploads\/2021\/05\/la-rutina-infalible-de-cristina-pedroche-yoga-y-meditacion-1.jpg 2x\" media=\"(min-width: 720px)\"><source srcset=\"https:\/\/resizer.mujerhoy.com\/resizer\/resizer.php?imagen=http:\/\/cordobainforma.info\/wp-content\/uploads\/2021\/05\/la-rutina-infalible-de-cristina-pedroche-yoga-y-meditacion-1.jpg&amp;nuevoalto=714&amp;nuevoancho=476\"><img src=\"http:\/\/cordobainforma.info\/wp-content\/uploads\/2021\/05\/la-rutina-infalible-de-cristina-pedroche-yoga-y-meditacion-1.jpg\" alt=\"Pedroche aprovecha lo descansos de la grabaci&amp;oacute;n para hacer sus rutinas diarias\" title=\"Pedroche aprovecha lo descansos de la grabaci&amp;oacute;n para hacer sus rutinas diarias\" itemprop=\"image\"><\/picture><figcaption> Pedroche aprovecha lo descansos de la grabaci\u00f3n para hacer sus rutinas diarias <span class=\"firma\"><\/span><\/figcaption><\/figure>\n<\/div>\n<p>El yoga y la meditaci\u00f3n se han convertido, como ella misma explica, en sus imprescindibles. Pero, \u00bfcu\u00e1les son los beneficios reales de practicar estas disciplinas?<\/p>\n<div class=\"comp_mm\">\n<figure><picture><source srcset=\"http:\/\/cordobainforma.info\/wp-content\/uploads\/2021\/05\/la-rutina-infalible-de-cristina-pedroche-yoga-y-meditacion-2.jpg, http:\/\/cordobainforma.info\/wp-content\/uploads\/2021\/05\/la-rutina-infalible-de-cristina-pedroche-yoga-y-meditacion-2.jpg 2x\" media=\"(min-width: 1054px)\"><source srcset=\"http:\/\/cordobainforma.info\/wp-content\/uploads\/2021\/05\/la-rutina-infalible-de-cristina-pedroche-yoga-y-meditacion-2.jpg, http:\/\/cordobainforma.info\/wp-content\/uploads\/2021\/05\/la-rutina-infalible-de-cristina-pedroche-yoga-y-meditacion-2.jpg 2x\" media=\"(min-width: 720px)\"><source srcset=\"https:\/\/resizer.mujerhoy.com\/resizer\/resizer.php?imagen=http:\/\/cordobainforma.info\/wp-content\/uploads\/2021\/05\/la-rutina-infalible-de-cristina-pedroche-yoga-y-meditacion-2.jpg&amp;nuevoalto=714&amp;nuevoancho=476\"><img src=\"http:\/\/cordobainforma.info\/wp-content\/uploads\/2021\/05\/la-rutina-infalible-de-cristina-pedroche-yoga-y-meditacion-2.jpg\" alt=\"Yoga y meditaci&amp;oacute;n, la combinaci&amp;oacute;n perfecta para mantener en forma cuerpo y mente\" title=\"Yoga y meditaci&amp;oacute;n, la combinaci&amp;oacute;n perfecta para mantener en forma cuerpo y mente\" itemprop=\"image\"><\/picture><figcaption> Yoga y meditaci\u00f3n, la combinaci\u00f3n perfecta para mantener en forma cuerpo y mente <span class=\"firma\"><\/span><\/figcaption><\/figure>\n<\/div>\n<p class=\"compMultimedia\">Por un lado, <strong>el yoga<\/strong> ayuda a controlar y mejorar la respiraci\u00f3n, algo que a priori podr\u00eda parecer muy sencillo \u2013aunque tiene su t\u00e9cnica- y que <strong>es un gran aliado para reducir la ansiedad y el estr\u00e9s.<\/strong> Adem\u00e1s, fortalece huesos y m\u00fasculos, <strong>ayuda a tonificar <\/strong>el cuerpo \u2013no creas que todo en esta vida son pesas y cardio-, <strong>alivia dolores, quema calor\u00edas y es una medicina natural antiaging<\/strong> de lo mejor. <\/p>\n<p class=\"compMultimedia\">En cuanto a<strong> la meditaci\u00f3n<\/strong>, muy en la l\u00ednea del yoga, <strong>refuerza la salud emocional y aumenta la felicidad, reduce la presi\u00f3n sangu\u00ednea, ayuda a combatir la depresi\u00f3n<\/strong> y es perfecta para descargar el peso f\u00edsico y mental que acumulamos con el paso de los d\u00edas.<\/p>\n<div class=\"tb-interesa\">\n<h3>Tambi\u00e9n te interesa<\/h3>\n<\/div>\n","protected":false},"excerpt":{"rendered":"<p>Es una de nuestras famosas m\u00e1s queridas y perseguida, casi a partes iguales. Cristina Pedroche convirti\u00f3 su vestuario para las Campanas en un espect\u00e1culo capaz de congregar a millones de espa\u00f1oles \u2013hasta tal punto que se ha hecho una exposici\u00f3n con sus vestidos&#8211; y su perfil de Instagram recibe miles de visitas cada d\u00eda. Sin [&hellip;]<\/p>\n","protected":false},"author":1,"featured_media":13440,"comment_status":"open","ping_status":"closed","sticky":false,"template":"","format":"standard","meta":[],"categories":[18],"tags":[],"_links":{"self":[{"href":"http:\/\/cordobainforma.info\/index.php\/wp-json\/wp\/v2\/posts\/13439"}],"collection":[{"href":"http:\/\/cordobainforma.info\/index.php\/wp-json\/wp\/v2\/posts"}],"about":[{"href":"http:\/\/cordobainforma.info\/index.php\/wp-json\/wp\/v2\/types\/post"}],"author":[{"embeddable":true,"href":"http:\/\/cordobainforma.info\/index.php\/wp-json\/wp\/v2\/users\/1"}],"replies":[{"embeddable":true,"href":"http:\/\/cordobainforma.info\/index.php\/wp-json\/wp\/v2\/comments?post=13439"}],"version-history":[{"count":0,"href":"http:\/\/cordobainforma.info\/index.php\/wp-json\/wp\/v2\/posts\/13439\/revisions"}],"wp:featuredmedia":[{"embeddable":true,"href":"http:\/\/cordobainforma.info\/index.php\/wp-json\/wp\/v2\/media\/13440"}],"wp:attachment":[{"href":"http:\/\/cordobainforma.info\/index.php\/wp-json\/wp\/v2\/media?parent=13439"}],"wp:term":[{"taxonomy":"category","embeddable":true,"href":"http:\/\/cordobainforma.info\/index.php\/wp-json\/wp\/v2\/categories?post=13439"},{"taxonomy":"post_tag","embeddable":true,"href":"http:\/\/cordobainforma.info\/index.php\/wp-json\/wp\/v2\/tags?post=13439"}],"curies":[{"name":"wp","href":"https:\/\/api.w.org\/{rel}","templated":true}]}}