{"id":13393,"date":"2021-05-20T14:16:37","date_gmt":"2021-05-20T14:16:37","guid":{"rendered":"https:\/\/www.clarin.com\/deportes\/sorpresa-formula-1-mano-leclerc-sainz-ferrari-domina-ensayos-libres-gran-premio-monaco_0_Gueziix6k.html"},"modified":"2021-05-20T14:16:37","modified_gmt":"2021-05-20T14:16:37","slug":"sorpresa-en-la-formula-1-de-la-mano-de-leclerc-y-sainz-ferrari-domina-los-ensayos-libres-en-el-gran-premio-de-monaco","status":"publish","type":"post","link":"http:\/\/cordobainforma.info\/index.php\/2021\/05\/20\/sorpresa-en-la-formula-1-de-la-mano-de-leclerc-y-sainz-ferrari-domina-los-ensayos-libres-en-el-gran-premio-de-monaco\/","title":{"rendered":"Sorpresa en la F\u00f3rmula 1: de la mano de Leclerc y Sainz, Ferrari domina los ensayos libres en el Gran Premio de M\u00f3naco"},"content":{"rendered":"<p><img src=\"http:\/\/cordobainforma.info\/wp-content\/uploads\/2021\/05\/sorpresa-en-la-formula-1-de-la-mano-de-leclerc-y-sainz-ferrari-domina-los-ensayos-libres-en-el-gran-premio-de-monaco.jpg\"><\/p>\n<div><img src=\"http:\/\/cordobainforma.info\/wp-content\/uploads\/2021\/05\/sorpresa-en-la-formula-1-de-la-mano-de-leclerc-y-sainz-ferrari-domina-los-ensayos-libres-en-el-gran-premio-de-monaco-2.jpg\" class=\"ff-og-image-inserted\"><\/div>\n<p><a alt=\"ferrari\" class=\"slug automatic\" href=\"https:\/\/www.clarin.com\/tema\/ferrari.html\" target=\"_blank\" title=\"ferrari\" rel=\"noopener noreferrer\">Ferrari<\/a> tiene un gran motivo para sonre\u00edr en el inicio de la actividad en el Gran Premio de M\u00f3naco de <a alt=\"formula-1\" class=\"slug\" href=\"https:\/\/www.clarin.com\/tema\/formula-1.html\" target=\"_blank\" title=\"formula-1\" rel=\"noopener noreferrer\">F\u00f3rmula 1<\/a>. Es que el local <a alt=\"charles-leclerc\" class=\"slug automatic\" href=\"https:\/\/www.clarin.com\/tema\/charles-leclerc.html\" target=\"_blank\" title=\"charles-leclerc\" rel=\"noopener noreferrer\">Charles Leclerc<\/a> y el espa\u00f1ol Carlos Sainz fueron los m\u00e1s veloces en la segunda tanda de ensayos libres. S\u00ed, el Cavallino Rampante vol\u00f3 por las&nbsp;calles de Montecarlo y consigui\u00f3 algo que no suced\u00eda desde el GP de Brasil de 2019. \u00bfPodr\u00e1 estirar su predominio a lo largo del fin de semana?<\/p>\n<p>En una temporada en la que a\u00fan no pis\u00f3&nbsp;ni un podio, la quinta cita del campeonato mundial empez\u00f3 con una enorme inyecci\u00f3n de energ\u00eda para la Scuder\u00eda, que domin\u00f3 con claridad la tabla de tiempos en el trazado urbano monegasco.<\/p>\n<p>Leclerc hizo el mejor tiempo al clavar los relojes en 1m11s684 con neum\u00e1ticos de compuestos blandos, los que probaron todos los equipos que salieron a rodar. Fue 112 mil\u00e9simas m\u00e1s veloz que Sainz, que tambi\u00e9n mostr\u00f3 que est\u00e1 fino y que es capaz de sacarle el mayor jugo posible a su auto.<\/p>\n<p>El madrile\u00f1o, que siempre puntu\u00f3 en sus cinco anteriores visitas a M\u00f3naco con tres equipos diferentes (Toro Rosso, Renault y McLaren), reafirm\u00f3 su idilio y se gan\u00f3 el derecho a so\u00f1ar con su primera victoria en la F\u00f3rmula 1.<\/p>\n<p>Con sus dos pilotos a gran nivel, el equipo italiano, cuya mayor fortaleza esta temporada es su rendimiento a una vuelta, algo vital por la clasificaci\u00f3n de M\u00f3naco y la dificultad para adelantar en carrera, super\u00f3 a Mercedes y Red Bull, que concentran el resto de aspiraciones de triunfo, aunque con toda la precauci\u00f3n que siempre merece el resultado de unos libres.<\/p>\n<p>El tercer mejor tiempo, a 390 mil\u00e9simas de Sainz, fue para el brit\u00e1nico <a href=\"https:\/\/www.clarin.com\/tema\/lewis-hamilton.html\" class=\"slug automatic\" alt=\"lewis-hamilton\" title=\"lewis-hamilton\" target=\"_blank\" rel=\"noopener noreferrer\">Lewis Hamilton<\/a> y su <a href=\"https:\/\/www.clarin.com\/tema\/mercedes.html\" class=\"slug automatic\" alt=\"mercedes\" title=\"mercedes\" target=\"_blank\" rel=\"noopener noreferrer\">Mercedes<\/a>. Por detr\u00e1s del siete veces campe\u00f3n del mundo apareci\u00f3 el neerland\u00e9s <a href=\"https:\/\/www.clarin.com\/tema\/max-verstappen.html\" class=\"slug automatic\" alt=\"max-verstappen\" title=\"max-verstappen\" target=\"_blank\" rel=\"noopener noreferrer\">Max Verstappen<\/a> (<a href=\"https:\/\/www.clarin.com\/tema\/red-bull.html\" class=\"slug automatic\" alt=\"red-bull\" title=\"red-bull\" target=\"_blank\" rel=\"noopener noreferrer\">Red Bull<\/a>), su principal rival en esta temporada, que gir\u00f3 397 mil\u00e9simas m\u00e1s lentos. Completaron los primeros diez lugares asoma <a href=\"https:\/\/www.clarin.com\/tema\/valtteri-bottas.html\" class=\"slug automatic\" alt=\"valtteri-bottas\" title=\"valtteri-bottas\" target=\"_blank\" rel=\"noopener noreferrer\">Valtteri Bottas<\/a> (Mercedes), Lando Norris (<a href=\"https:\/\/www.clarin.com\/tema\/mclaren.html\" class=\"slug automatic\" alt=\"mclaren\" title=\"mclaren\" target=\"_blank\" rel=\"noopener noreferrer\">McLaren<\/a>), Pierre Gasly (<a href=\"https:\/\/www.clarin.com\/tema\/alpha-tauri.html\" class=\"slug automatic\" alt=\"alpha-tauri\" title=\"alpha-tauri\" target=\"_blank\" rel=\"noopener noreferrer\">Alpha Tauri<\/a>), Sergio P\u00e9rez (Red Bull), Antonio Giovinazzi (<a href=\"https:\/\/www.clarin.com\/tema\/alfa-romeo.html\" class=\"slug automatic\" alt=\"alfa-romeo\" title=\"alfa-romeo\" target=\"_blank\" rel=\"noopener noreferrer\">Alfa Romeo<\/a>) y <a href=\"https:\/\/www.clarin.com\/tema\/sebastian-vettel.html\" class=\"slug automatic\" alt=\"sebastian-vettel\" title=\"sebastian-vettel\" target=\"_blank\" rel=\"noopener noreferrer\">Sebasti\u00e1n Vettel<\/a> (<a href=\"https:\/\/www.clarin.com\/tema\/aston-martin.html\" class=\"slug automatic\" alt=\"aston-martin\" title=\"aston-martin\" target=\"_blank\" rel=\"noopener noreferrer\">Aston Martin<\/a>)<\/p>\n<div class=\"entry-tags\">\n<h2>TEMAS QUE APARECEN EN ESTA NOTA<\/h2>\n<\/p><\/div>\n","protected":false},"excerpt":{"rendered":"<p>Ferrari tiene un gran motivo para sonre\u00edr en el inicio de la actividad en el Gran Premio de M\u00f3naco de F\u00f3rmula 1. Es que el local Charles Leclerc y el espa\u00f1ol Carlos Sainz fueron los m\u00e1s veloces en la segunda tanda de ensayos libres. S\u00ed, el Cavallino Rampante vol\u00f3 por las&nbsp;calles de Montecarlo y consigui\u00f3 [&hellip;]<\/p>\n","protected":false},"author":1,"featured_media":13394,"comment_status":"closed","ping_status":"closed","sticky":false,"template":"","format":"standard","meta":[],"categories":[20],"tags":[],"_links":{"self":[{"href":"http:\/\/cordobainforma.info\/index.php\/wp-json\/wp\/v2\/posts\/13393"}],"collection":[{"href":"http:\/\/cordobainforma.info\/index.php\/wp-json\/wp\/v2\/posts"}],"about":[{"href":"http:\/\/cordobainforma.info\/index.php\/wp-json\/wp\/v2\/types\/post"}],"author":[{"embeddable":true,"href":"http:\/\/cordobainforma.info\/index.php\/wp-json\/wp\/v2\/users\/1"}],"replies":[{"embeddable":true,"href":"http:\/\/cordobainforma.info\/index.php\/wp-json\/wp\/v2\/comments?post=13393"}],"version-history":[{"count":0,"href":"http:\/\/cordobainforma.info\/index.php\/wp-json\/wp\/v2\/posts\/13393\/revisions"}],"wp:featuredmedia":[{"embeddable":true,"href":"http:\/\/cordobainforma.info\/index.php\/wp-json\/wp\/v2\/media\/13394"}],"wp:attachment":[{"href":"http:\/\/cordobainforma.info\/index.php\/wp-json\/wp\/v2\/media?parent=13393"}],"wp:term":[{"taxonomy":"category","embeddable":true,"href":"http:\/\/cordobainforma.info\/index.php\/wp-json\/wp\/v2\/categories?post=13393"},{"taxonomy":"post_tag","embeddable":true,"href":"http:\/\/cordobainforma.info\/index.php\/wp-json\/wp\/v2\/tags?post=13393"}],"curies":[{"name":"wp","href":"https:\/\/api.w.org\/{rel}","templated":true}]}}