{"id":13381,"date":"2021-05-19T14:42:17","date_gmt":"2021-05-19T14:42:17","guid":{"rendered":"http:\/\/cordobainforma.info\/index.php\/2021\/05\/19\/una-aplicacion-acusa-falsamente-a-un-hombre-sin-hogar-de-causar-un-incendio-forestal\/"},"modified":"2021-05-19T14:42:17","modified_gmt":"2021-05-19T14:42:17","slug":"una-aplicacion-acusa-falsamente-a-un-hombre-sin-hogar-de-causar-un-incendio-forestal","status":"publish","type":"post","link":"http:\/\/cordobainforma.info\/index.php\/2021\/05\/19\/una-aplicacion-acusa-falsamente-a-un-hombre-sin-hogar-de-causar-un-incendio-forestal\/","title":{"rendered":"Una aplicaci\u00f3n acusa falsamente a un hombre sin hogar de causar un incendio forestal"},"content":{"rendered":"<p><img src=\"http:\/\/cordobainforma.info\/wp-content\/uploads\/2021\/05\/una-aplicacion-acusa-falsamente-a-un-hombre-sin-hogar-de-causar-un-incendio-forestal.jpg\"><\/p>\n<div><img src=\"http:\/\/cordobainforma.info\/wp-content\/uploads\/2021\/05\/una-aplicacion-acusa-falsamente-a-un-hombre-sin-hogar-de-causar-un-incendio-forestal-2.jpg\" class=\"ff-og-image-inserted\"><\/div>\n<div readability=\"32\">\n<p><span>Publicado:<\/span><time class=\"Timestamp-root Timestamp-isBlackColor \" datetime=\"2021-05-19T14:42:17+00:00\"> 19 may 2021 14:42 GMT <\/time><\/p>\n<\/div>\n<div readability=\"33\">\n<p> La fotograf\u00eda del sospechoso fue compartida junto a una recompensa de 30.000 d\u00f3lares para quien ayude a rastrearlo. <\/p>\n<\/div>\n<div readability=\"67.621959694232\">\n<p>La aplicaci\u00f3n de seguimiento y alerta de cr\u00edmenes Citizen ha acusado err\u00f3neamente a un hombre sin hogar de comenzar un&nbsp;incendio&nbsp;forestal en la zona de Pacific Palisades, en Los \u00c1ngeles (Estados Unidos), que inici\u00f3 este viernes.&nbsp;<\/p>\n<p>La aplicaci\u00f3n que&nbsp;brinda a los usuarios informaci\u00f3n sobre delitos locales a trav\u00e9s de esc\u00e1neres policiales y otras fuentes, comparti\u00f3 este s\u00e1bado la fotograf\u00eda de un hombre sin hogar&nbsp;junto con una recompensa de 30.0000 d\u00f3lares para quien ayude a rastrearlo, acus\u00e1ndolo de iniciar el incendio.<\/p>\n<p>El sospechoso fue detenido el domingo en la tarde por la polic\u00eda en Los \u00c1ngeles,&nbsp;aunque qued\u00f3 en libertad al poco tiempo al no encontrar evidencias suficientes en su contra. El Departamento de Polic\u00eda de Los \u00c1ngeles <a href=\"https:\/\/www.theguardian.com\/technology\/2021\/may\/18\/citizen-app-palisades-fire-wrongly-accused-man\" target=\"_blank\" rel=\"noopener noreferrer\">inform\u00f3 <\/a>a The Guardian que otra persona, un hombre de 48 a\u00f1os, hab\u00eda sido detenida desde entonces.&nbsp;<\/p>\n<p>La imagen del presunto pir\u00f3mano, que permaneci\u00f3 durante 15 horas en la aplicaci\u00f3n y fue vista por m\u00e1s de 861.000 personas, fue retirada por la aplicaci\u00f3n el domingo al darse cuenta del error cometido.<\/p>\n<p>Jim Braden, un sheriff que interrog\u00f3 al hombre err\u00f3neamente acusado, calific\u00f3 las acciones de la aplicaci\u00f3n como \u00abpotencialmente desastrosas\u00bb.&nbsp;<\/p>\n<p>Citizen, que fue lanzada en el 2017 en Nueva York,&nbsp;afirm\u00f3 que se toman&nbsp;este error muy enserio y que est\u00e1n trabajando para mejorar el proceso interno de la aplicaci\u00f3n para que este tipo de&nbsp;fallos no vuelvan a ocurrir.<\/p>\n<\/div>\n","protected":false},"excerpt":{"rendered":"<p>Publicado: 19 may 2021 14:42 GMT La fotograf\u00eda del sospechoso fue compartida junto a una recompensa de 30.000 d\u00f3lares para quien ayude a rastrearlo. La aplicaci\u00f3n de seguimiento y alerta de cr\u00edmenes Citizen ha acusado err\u00f3neamente a un hombre sin hogar de comenzar un&nbsp;incendio&nbsp;forestal en la zona de Pacific Palisades, en Los \u00c1ngeles (Estados Unidos), [&hellip;]<\/p>\n","protected":false},"author":1,"featured_media":13382,"comment_status":"closed","ping_status":"closed","sticky":false,"template":"","format":"standard","meta":[],"categories":[22],"tags":[],"_links":{"self":[{"href":"http:\/\/cordobainforma.info\/index.php\/wp-json\/wp\/v2\/posts\/13381"}],"collection":[{"href":"http:\/\/cordobainforma.info\/index.php\/wp-json\/wp\/v2\/posts"}],"about":[{"href":"http:\/\/cordobainforma.info\/index.php\/wp-json\/wp\/v2\/types\/post"}],"author":[{"embeddable":true,"href":"http:\/\/cordobainforma.info\/index.php\/wp-json\/wp\/v2\/users\/1"}],"replies":[{"embeddable":true,"href":"http:\/\/cordobainforma.info\/index.php\/wp-json\/wp\/v2\/comments?post=13381"}],"version-history":[{"count":0,"href":"http:\/\/cordobainforma.info\/index.php\/wp-json\/wp\/v2\/posts\/13381\/revisions"}],"wp:featuredmedia":[{"embeddable":true,"href":"http:\/\/cordobainforma.info\/index.php\/wp-json\/wp\/v2\/media\/13382"}],"wp:attachment":[{"href":"http:\/\/cordobainforma.info\/index.php\/wp-json\/wp\/v2\/media?parent=13381"}],"wp:term":[{"taxonomy":"category","embeddable":true,"href":"http:\/\/cordobainforma.info\/index.php\/wp-json\/wp\/v2\/categories?post=13381"},{"taxonomy":"post_tag","embeddable":true,"href":"http:\/\/cordobainforma.info\/index.php\/wp-json\/wp\/v2\/tags?post=13381"}],"curies":[{"name":"wp","href":"https:\/\/api.w.org\/{rel}","templated":true}]}}