{"id":13375,"date":"2021-05-19T16:41:15","date_gmt":"2021-05-19T16:41:15","guid":{"rendered":"https:\/\/www.mujerhoy.com\/moda\/no-te-pierdas\/202105\/19\/tamara-falco-blazer-zara-vestido-largo-flores-look-primavera-entretiempo-barato-facil-ponible-20210519134224.html"},"modified":"2021-05-19T16:41:15","modified_gmt":"2021-05-19T16:41:15","slug":"la-blazer-de-zara-que-pega-con-todo-y-un-vestido-largo-el-look-de-tamara-falco-comodo-ponible-y-perfecto-para-llevar-ahora","status":"publish","type":"post","link":"http:\/\/cordobainforma.info\/index.php\/2021\/05\/19\/la-blazer-de-zara-que-pega-con-todo-y-un-vestido-largo-el-look-de-tamara-falco-comodo-ponible-y-perfecto-para-llevar-ahora\/","title":{"rendered":"La blazer de Zara que pega con todo y un vestido largo, el look de Tamara Falc\u00f3 c\u00f3modo, ponible y perfecto para llevar ahora"},"content":{"rendered":"<p>Despu\u00e9s de triunfar con <a href=\"https:\/\/www.mujerhoy.com\/moda\/no-te-pierdas\/202105\/17\/tamara-falco-vestido-invitada-boda-primavera-estiliza-rejuvenece-a-los-40-20210517094533.html\" target=\"_blank\" rel=\"noopener noreferrer\">este vestido de invitada<\/a>, Tamara Falc\u00f3 ha dejado claro que no solo se le dan bien los looks televisivos y m\u00e1s arreglados, sino tambi\u00e9n los del d\u00eda a d\u00eda. La socialit\u00e9, que hace unos d\u00edas <a href=\"https:\/\/www.mujerhoy.com\/vivir\/protagonistas\/202105\/15\/tamara-falco-entrevista-exclusiva-trucos-belleza-rejuvenecen-relacion-novio-inigo-onieva-secretos-nueva-casa-isabel-preysler-20210513095441.html\" target=\"_blank\" rel=\"noopener noreferrer\">nos hablabla as\u00ed de su vida<\/a>, ha sido fotografia paseando por las calles de Madrid con un look ideal que vas a querer copiar seguro.<\/p>\n<div class=\"comp_mm\">\n<figure><picture><source srcset=\"http:\/\/cordobainforma.info\/wp-content\/uploads\/2021\/05\/la-blazer-de-zara-que-pega-con-todo-y-un-vestido-largo-el-look-de-tamara-falco-comodo-ponible-y-perfecto-para-llevar-ahora.jpg, http:\/\/cordobainforma.info\/wp-content\/uploads\/2021\/05\/la-blazer-de-zara-que-pega-con-todo-y-un-vestido-largo-el-look-de-tamara-falco-comodo-ponible-y-perfecto-para-llevar-ahora.jpg 2x\" media=\"(min-width: 1054px)\"><source srcset=\"http:\/\/cordobainforma.info\/wp-content\/uploads\/2021\/05\/la-blazer-de-zara-que-pega-con-todo-y-un-vestido-largo-el-look-de-tamara-falco-comodo-ponible-y-perfecto-para-llevar-ahora.jpg, http:\/\/cordobainforma.info\/wp-content\/uploads\/2021\/05\/la-blazer-de-zara-que-pega-con-todo-y-un-vestido-largo-el-look-de-tamara-falco-comodo-ponible-y-perfecto-para-llevar-ahora.jpg 2x\" media=\"(min-width: 720px)\"><source srcset=\"https:\/\/resizer.mujerhoy.com\/resizer\/resizer.php?imagen=http:\/\/cordobainforma.info\/wp-content\/uploads\/2021\/05\/la-blazer-de-zara-que-pega-con-todo-y-un-vestido-largo-el-look-de-tamara-falco-comodo-ponible-y-perfecto-para-llevar-ahora.jpg&amp;nuevoalto=714&amp;nuevoancho=476\"><img src=\"http:\/\/cordobainforma.info\/wp-content\/uploads\/2021\/05\/la-blazer-de-zara-que-pega-con-todo-y-un-vestido-largo-el-look-de-tamara-falco-comodo-ponible-y-perfecto-para-llevar-ahora.jpg\" alt title itemprop=\"image\"><\/picture><figcaption><span class=\"firma\"><\/span><\/figcaption><\/figure>\n<\/div>\n<p>Para una tarde de compras, Tamara escogi\u00f3 un outfit protagonizado por un <strong>vestido largo de estampado floral<\/strong>. Se trata de un modelo de <strong>Maksu <\/strong>en color claro que lleva una delicadas flores en color neutro, tiene el corte recto y unos tirantes de encaje. Es un dise\u00f1o que la firma ha lanzado ahora y que se ha convertido en todo un \u00e9xito despu\u00e9s de que lo haya lucido Tamara.<\/p>\n<div class=\"comp_mm\">\n<figure><picture><source srcset=\"http:\/\/cordobainforma.info\/wp-content\/uploads\/2021\/05\/la-blazer-de-zara-que-pega-con-todo-y-un-vestido-largo-el-look-de-tamara-falco-comodo-ponible-y-perfecto-para-llevar-ahora-1.jpg, http:\/\/cordobainforma.info\/wp-content\/uploads\/2021\/05\/la-blazer-de-zara-que-pega-con-todo-y-un-vestido-largo-el-look-de-tamara-falco-comodo-ponible-y-perfecto-para-llevar-ahora-1.jpg 2x\" media=\"(min-width: 1054px)\"><source srcset=\"http:\/\/cordobainforma.info\/wp-content\/uploads\/2021\/05\/la-blazer-de-zara-que-pega-con-todo-y-un-vestido-largo-el-look-de-tamara-falco-comodo-ponible-y-perfecto-para-llevar-ahora-1.jpg, http:\/\/cordobainforma.info\/wp-content\/uploads\/2021\/05\/la-blazer-de-zara-que-pega-con-todo-y-un-vestido-largo-el-look-de-tamara-falco-comodo-ponible-y-perfecto-para-llevar-ahora-1.jpg 2x\" media=\"(min-width: 720px)\"><source srcset=\"https:\/\/resizer.mujerhoy.com\/resizer\/resizer.php?imagen=http:\/\/cordobainforma.info\/wp-content\/uploads\/2021\/05\/la-blazer-de-zara-que-pega-con-todo-y-un-vestido-largo-el-look-de-tamara-falco-comodo-ponible-y-perfecto-para-llevar-ahora-1.jpg&amp;nuevoalto=714&amp;nuevoancho=476\"><img src=\"http:\/\/cordobainforma.info\/wp-content\/uploads\/2021\/05\/la-blazer-de-zara-que-pega-con-todo-y-un-vestido-largo-el-look-de-tamara-falco-comodo-ponible-y-perfecto-para-llevar-ahora-1.jpg\" alt title itemprop=\"image\"><\/picture><figcaption><\/figcaption><\/figure>\n<\/div>\n<p>La marquesa de Gri\u00f1\u00f3n lo combin\u00f3 con una <strong>blazer de Zara de corte overzied en color tostado<\/strong>. Un modelo cruzado y largo con cuello y bolsillos con solapa que tiene un bot\u00f3n negro a contraste. Cuesta<strong> 59,95 euros<\/strong> y es perfecta porque es una prenda que pega con todo y que podr\u00e1s combinar de un sinf\u00edn de manera. Ahora, haz como Tamara y \u00fasala como <strong>chaqueta de entretiempo<\/strong>. \u00a1Triunfar\u00e1s<\/p>\n<div class=\"comp_mm\">\n<figure><picture><source srcset=\"http:\/\/cordobainforma.info\/wp-content\/uploads\/2021\/05\/la-blazer-de-zara-que-pega-con-todo-y-un-vestido-largo-el-look-de-tamara-falco-comodo-ponible-y-perfecto-para-llevar-ahora-2.jpg, http:\/\/cordobainforma.info\/wp-content\/uploads\/2021\/05\/la-blazer-de-zara-que-pega-con-todo-y-un-vestido-largo-el-look-de-tamara-falco-comodo-ponible-y-perfecto-para-llevar-ahora-2.jpg 2x\" media=\"(min-width: 1054px)\"><source srcset=\"http:\/\/cordobainforma.info\/wp-content\/uploads\/2021\/05\/la-blazer-de-zara-que-pega-con-todo-y-un-vestido-largo-el-look-de-tamara-falco-comodo-ponible-y-perfecto-para-llevar-ahora-2.jpg, http:\/\/cordobainforma.info\/wp-content\/uploads\/2021\/05\/la-blazer-de-zara-que-pega-con-todo-y-un-vestido-largo-el-look-de-tamara-falco-comodo-ponible-y-perfecto-para-llevar-ahora-2.jpg 2x\" media=\"(min-width: 720px)\"><source srcset=\"https:\/\/resizer.mujerhoy.com\/resizer\/resizer.php?imagen=http:\/\/cordobainforma.info\/wp-content\/uploads\/2021\/05\/la-blazer-de-zara-que-pega-con-todo-y-un-vestido-largo-el-look-de-tamara-falco-comodo-ponible-y-perfecto-para-llevar-ahora-2.jpg&amp;nuevoalto=714&amp;nuevoancho=476\"><img src=\"http:\/\/cordobainforma.info\/wp-content\/uploads\/2021\/05\/la-blazer-de-zara-que-pega-con-todo-y-un-vestido-largo-el-look-de-tamara-falco-comodo-ponible-y-perfecto-para-llevar-ahora-2.jpg\" alt title itemprop=\"image\"><\/picture><figcaption><\/figcaption><\/figure>\n<\/div>\n<p>Por \u00faltimo, Tamara combin\u00f3 este look con unas <strong>sandalias de tac\u00f3n c\u00f3modo<\/strong> con las que aprovech\u00f3 este calor que ha llegado a la capital. Aunque como hemos podido ver en las fotos, parece que la socialit\u00e9 se confi\u00f3 y una vez se fue el sol, tuvo que <strong>cambiar su calzado y ponerse unas zapatillas<\/strong>. No sabemos su por comodidad o por fr\u00edo, pero lo cierto es que fue una muestra de lo vers\u00e1tiles que pueden llegar estas dos prendas. \u00a1Ideal!<\/p>\n<div class=\"comp_mm\">\n<figure><picture><source srcset=\"http:\/\/cordobainforma.info\/wp-content\/uploads\/2021\/05\/la-blazer-de-zara-que-pega-con-todo-y-un-vestido-largo-el-look-de-tamara-falco-comodo-ponible-y-perfecto-para-llevar-ahora-3.jpg, http:\/\/cordobainforma.info\/wp-content\/uploads\/2021\/05\/la-blazer-de-zara-que-pega-con-todo-y-un-vestido-largo-el-look-de-tamara-falco-comodo-ponible-y-perfecto-para-llevar-ahora-3.jpg 2x\" media=\"(min-width: 1054px)\"><source srcset=\"http:\/\/cordobainforma.info\/wp-content\/uploads\/2021\/05\/la-blazer-de-zara-que-pega-con-todo-y-un-vestido-largo-el-look-de-tamara-falco-comodo-ponible-y-perfecto-para-llevar-ahora-3.jpg, http:\/\/cordobainforma.info\/wp-content\/uploads\/2021\/05\/la-blazer-de-zara-que-pega-con-todo-y-un-vestido-largo-el-look-de-tamara-falco-comodo-ponible-y-perfecto-para-llevar-ahora-3.jpg 2x\" media=\"(min-width: 720px)\"><source srcset=\"https:\/\/resizer.mujerhoy.com\/resizer\/resizer.php?imagen=http:\/\/cordobainforma.info\/wp-content\/uploads\/2021\/05\/la-blazer-de-zara-que-pega-con-todo-y-un-vestido-largo-el-look-de-tamara-falco-comodo-ponible-y-perfecto-para-llevar-ahora-3.jpg&amp;nuevoalto=714&amp;nuevoancho=476\"><img src=\"http:\/\/cordobainforma.info\/wp-content\/uploads\/2021\/05\/la-blazer-de-zara-que-pega-con-todo-y-un-vestido-largo-el-look-de-tamara-falco-comodo-ponible-y-perfecto-para-llevar-ahora-3.jpg\" alt title itemprop=\"image\"><\/picture><figcaption><span class=\"firma\"><\/span><\/figcaption><\/figure>\n<\/div>\n<div class=\"tb-interesa\">\n<h3>Tambi\u00e9n te interesa<\/h3>\n<\/div>\n","protected":false},"excerpt":{"rendered":"<p>Despu\u00e9s de triunfar con este vestido de invitada, Tamara Falc\u00f3 ha dejado claro que no solo se le dan bien los looks televisivos y m\u00e1s arreglados, sino tambi\u00e9n los del d\u00eda a d\u00eda. La socialit\u00e9, que hace unos d\u00edas nos hablabla as\u00ed de su vida, ha sido fotografia paseando por las calles de Madrid con [&hellip;]<\/p>\n","protected":false},"author":1,"featured_media":13376,"comment_status":"closed","ping_status":"closed","sticky":false,"template":"","format":"standard","meta":[],"categories":[24],"tags":[],"_links":{"self":[{"href":"http:\/\/cordobainforma.info\/index.php\/wp-json\/wp\/v2\/posts\/13375"}],"collection":[{"href":"http:\/\/cordobainforma.info\/index.php\/wp-json\/wp\/v2\/posts"}],"about":[{"href":"http:\/\/cordobainforma.info\/index.php\/wp-json\/wp\/v2\/types\/post"}],"author":[{"embeddable":true,"href":"http:\/\/cordobainforma.info\/index.php\/wp-json\/wp\/v2\/users\/1"}],"replies":[{"embeddable":true,"href":"http:\/\/cordobainforma.info\/index.php\/wp-json\/wp\/v2\/comments?post=13375"}],"version-history":[{"count":0,"href":"http:\/\/cordobainforma.info\/index.php\/wp-json\/wp\/v2\/posts\/13375\/revisions"}],"wp:featuredmedia":[{"embeddable":true,"href":"http:\/\/cordobainforma.info\/index.php\/wp-json\/wp\/v2\/media\/13376"}],"wp:attachment":[{"href":"http:\/\/cordobainforma.info\/index.php\/wp-json\/wp\/v2\/media?parent=13375"}],"wp:term":[{"taxonomy":"category","embeddable":true,"href":"http:\/\/cordobainforma.info\/index.php\/wp-json\/wp\/v2\/categories?post=13375"},{"taxonomy":"post_tag","embeddable":true,"href":"http:\/\/cordobainforma.info\/index.php\/wp-json\/wp\/v2\/tags?post=13375"}],"curies":[{"name":"wp","href":"https:\/\/api.w.org\/{rel}","templated":true}]}}