{"id":13373,"date":"2021-05-17T15:40:27","date_gmt":"2021-05-17T15:40:27","guid":{"rendered":"http:\/\/playfmradio.com\/?p=14558"},"modified":"2021-05-17T15:40:27","modified_gmt":"2021-05-17T15:40:27","slug":"primera-escuela-de-influencers-en-cordoba","status":"publish","type":"post","link":"http:\/\/cordobainforma.info\/index.php\/2021\/05\/17\/primera-escuela-de-influencers-en-cordoba\/","title":{"rendered":"Primera escuela de influencers en C\u00f3rdoba"},"content":{"rendered":"<p><em>La iniciativa se llama \u201cFlui Collage\u201d y es llevada a cabo por j\u00f3venes cordobeses que buscan profesionalizar esta pr\u00e1ctica.<\/em><\/p>\n<p>Sabemos que en este nuevo siglo han aparecido nuevas profesiones asociadas a la comunicaci\u00f3n y al uso de la tecnolog\u00eda. Ser influencer es una de ella, este nuevo oficio trata de aquellas personas que tienen muchos seguidores en sus redes sociales y que a partir de ello promocionan marcas y productos.<\/p>\n<p>As\u00ed es como, el seguidor de esa persona genera credibilidad y confianza sobre ese producto y lo m\u00e1s probable es que a la hora de elegir confi\u00e9 en lo que dice y cuenta una persona \u201creal\u201d, en este caso, \u00e9l o la influencer.<\/p>\n<p>Ahora bien, en la actualidad este \u201crol\u201d se est\u00e1 haciendo de manera informal y sin un marco regulatorio. Sin embargo, esta nueva propuesta cordobesa vino a cambiarlo todo y junto a un equipo de profesionales e influencer, las personas se podr\u00e1n capacitar y profesionalizar en este trabajo.<\/p>\n<p>Entre los docentes se encuentran personajes reconocidos de C\u00f3rdoba, como los hermanos Massa, Willy y Gast\u00f3n y la conductora de TV Chicha Osorio.<\/p>\n<p><strong>Por: Carla Madera<\/strong><\/p>\n<p><a class=\"synved-social-button synved-social-button-share synved-social-size-32 synved-social-resolution-single synved-social-provider-facebook nolightbox\" data-provider=\"facebook\" target=\"_blank\" rel=\"nofollow noopener noreferrer\" title=\"Share on Facebook\" href=\"http:\/\/www.facebook.com\/sharer.php?u=http%3A%2F%2Fplayfmradio.com%2Fprimera-escuela-de-influencers-en-cordoba%2F&amp;t=Primera%20escuela%20de%20influencers%20en%20C%C3%B3rdoba&amp;s=100&amp;p[url]=http%3A%2F%2Fplayfmradio.com%2Fprimera-escuela-de-influencers-en-cordoba%2F&amp;p[images][0]=http%3A%2F%2Fplayfmradio.com%2Fwp-content%2Fuploads%2F2021%2F05%2Finfluencer.jpg&amp;p[title]=Primera%20escuela%20de%20influencers%20en%20C%C3%B3rdoba\"><img loading=\"lazy\" alt=\"Facebook\" title=\"Share on Facebook\" class=\"synved-share-image synved-social-image synved-social-image-share\" width=\"32\" height=\"32\" src=\"http:\/\/cordobainforma.info\/wp-content\/uploads\/2021\/05\/primera-escuela-de-influencers-en-cordoba.png\"><\/a><a class=\"synved-social-button synved-social-button-share synved-social-size-32 synved-social-resolution-single synved-social-provider-twitter nolightbox\" data-provider=\"twitter\" target=\"_blank\" rel=\"nofollow noopener noreferrer\" title=\"Share on Twitter\" href=\"https:\/\/twitter.com\/intent\/tweet?url=http%3A%2F%2Fplayfmradio.com%2Fprimera-escuela-de-influencers-en-cordoba%2F&amp;text=Compartido%20de%20Playfmradio.com\"><img loading=\"lazy\" alt=\"twitter\" title=\"Share on Twitter\" class=\"synved-share-image synved-social-image synved-social-image-share\" width=\"32\" height=\"32\" src=\"http:\/\/cordobainforma.info\/wp-content\/uploads\/2021\/05\/primera-escuela-de-influencers-en-cordoba-1.png\"><\/a><a class=\"synved-social-button synved-social-button-share synved-social-size-32 synved-social-resolution-single synved-social-provider-pinterest nolightbox\" data-provider=\"pinterest\" target=\"_blank\" rel=\"nofollow noopener noreferrer\" title=\"Pin it with Pinterest\" href=\"http:\/\/pinterest.com\/pin\/create\/button\/?url=http%3A%2F%2Fplayfmradio.com%2Fprimera-escuela-de-influencers-en-cordoba%2F&amp;media=http%3A%2F%2Fplayfmradio.com%2Fwp-content%2Fuploads%2F2021%2F05%2Finfluencer.jpg&amp;description=Primera%20escuela%20de%20influencers%20en%20C%C3%B3rdoba\"><img loading=\"lazy\" alt=\"pinterest\" title=\"Pin it with Pinterest\" class=\"synved-share-image synved-social-image synved-social-image-share\" width=\"32\" height=\"32\" src=\"http:\/\/cordobainforma.info\/wp-content\/uploads\/2021\/05\/primera-escuela-de-influencers-en-cordoba-2.png\"><\/a><a class=\"synved-social-button synved-social-button-share synved-social-size-32 synved-social-resolution-single synved-social-provider-tumblr nolightbox\" data-provider=\"tumblr\" target=\"_blank\" rel=\"nofollow noopener noreferrer\" title=\"Share on tumblr\" href=\"http:\/\/tumblr.com\/share?s=&amp;v=3&amp;t=Primera%20escuela%20de%20influencers%20en%20C%C3%B3rdoba&amp;u=http%3A%2F%2Fplayfmradio.com%2Fprimera-escuela-de-influencers-en-cordoba%2F\"><img loading=\"lazy\" alt=\"tumblr\" title=\"Share on tumblr\" class=\"synved-share-image synved-social-image synved-social-image-share\" width=\"32\" height=\"32\" src=\"http:\/\/cordobainforma.info\/wp-content\/uploads\/2021\/05\/primera-escuela-de-influencers-en-cordoba-3.png\"><\/a><a class=\"synved-social-button synved-social-button-share synved-social-size-32 synved-social-resolution-single synved-social-provider-mail nolightbox\" data-provider=\"mail\" rel=\"nofollow\" title=\"Share by email\" href=\"mailto:?subject=Primera%20escuela%20de%20influencers%20en%20C%C3%B3rdoba&amp;body=Compartido%20de%20Playfmradio.com:%20http%3A%2F%2Fplayfmradio.com%2Fprimera-escuela-de-influencers-en-cordoba%2F\"><img loading=\"lazy\" alt=\"mail\" title=\"Share by email\" class=\"synved-share-image synved-social-image synved-social-image-share\" width=\"32\" height=\"32\" src=\"http:\/\/cordobainforma.info\/wp-content\/uploads\/2021\/05\/primera-escuela-de-influencers-en-cordoba-4.png\"><\/a> <!-- AUTHOR PART ========================= --> <!-- AUTHOR PART END ========================= --> <\/p>\n","protected":false},"excerpt":{"rendered":"<p>La iniciativa se llama \u201cFlui Collage\u201d y es llevada a cabo por j\u00f3venes cordobeses que buscan profesionalizar esta pr\u00e1ctica. Sabemos que en este nuevo siglo han aparecido nuevas profesiones asociadas a la comunicaci\u00f3n y al uso de la tecnolog\u00eda. Ser influencer es una de ella, este nuevo oficio trata de aquellas personas que tienen muchos [&hellip;]<\/p>\n","protected":false},"author":1,"featured_media":13374,"comment_status":"closed","ping_status":"closed","sticky":false,"template":"","format":"standard","meta":[],"categories":[23],"tags":[],"_links":{"self":[{"href":"http:\/\/cordobainforma.info\/index.php\/wp-json\/wp\/v2\/posts\/13373"}],"collection":[{"href":"http:\/\/cordobainforma.info\/index.php\/wp-json\/wp\/v2\/posts"}],"about":[{"href":"http:\/\/cordobainforma.info\/index.php\/wp-json\/wp\/v2\/types\/post"}],"author":[{"embeddable":true,"href":"http:\/\/cordobainforma.info\/index.php\/wp-json\/wp\/v2\/users\/1"}],"replies":[{"embeddable":true,"href":"http:\/\/cordobainforma.info\/index.php\/wp-json\/wp\/v2\/comments?post=13373"}],"version-history":[{"count":0,"href":"http:\/\/cordobainforma.info\/index.php\/wp-json\/wp\/v2\/posts\/13373\/revisions"}],"wp:featuredmedia":[{"embeddable":true,"href":"http:\/\/cordobainforma.info\/index.php\/wp-json\/wp\/v2\/media\/13374"}],"wp:attachment":[{"href":"http:\/\/cordobainforma.info\/index.php\/wp-json\/wp\/v2\/media?parent=13373"}],"wp:term":[{"taxonomy":"category","embeddable":true,"href":"http:\/\/cordobainforma.info\/index.php\/wp-json\/wp\/v2\/categories?post=13373"},{"taxonomy":"post_tag","embeddable":true,"href":"http:\/\/cordobainforma.info\/index.php\/wp-json\/wp\/v2\/tags?post=13373"}],"curies":[{"name":"wp","href":"https:\/\/api.w.org\/{rel}","templated":true}]}}