{"id":13328,"date":"2021-05-19T10:44:00","date_gmt":"2021-05-19T10:44:00","guid":{"rendered":"https:\/\/ahora.com.ar\/\/con-un-doblete-bou-defensa-logro-una-victoria-agonica-brasil-y-clasifico-n4235752"},"modified":"2021-05-19T10:44:00","modified_gmt":"2021-05-19T10:44:00","slug":"con-un-doblete-de-bou-defensa-logro-una-victoria-agonica-en-brasil-y-clasifico","status":"publish","type":"post","link":"http:\/\/cordobainforma.info\/index.php\/2021\/05\/19\/con-un-doblete-de-bou-defensa-logro-una-victoria-agonica-en-brasil-y-clasifico\/","title":{"rendered":"Con un doblete de Bou, Defensa logr\u00f3 una victoria ag\u00f3nica en Brasil y clasific\u00f3"},"content":{"rendered":"<div><img src=\"http:\/\/cordobainforma.info\/wp-content\/uploads\/2021\/05\/con-un-doblete-de-bou-defensa-logro-una-victoria-agonica-en-brasil-y-clasifico.jpg\" class=\"ff-og-image-inserted\"><\/div>\n<p class=\"capital\"><span class=\"saysCMSEmphasis\" id=\"saysCMSEmphasis9tfpwvwqajj\">El concordiense Walter Bou marc\u00f3 dos tantos para el \u00abHalc\u00f3n\u00bb de Varela.<\/span><\/p>\n<div id=\"embed31_wrap\" class=\"embed_cont type_freetext\">\n<p><span onclick=\"parent.parent.TinyMCETdcuerpo.preview_embed('embed31')\" class=\"embed_colapse less\" id=\"embed31_colapse\"><\/span> Embed<\/p>\n<div id=\"embed31_content\" class=\"embed_content\">\n<p><iframe width=\"962\" height=\"541\" src=\"https:\/\/www.youtube.com\/embed\/yM51UTYaAy0\" title=\"YouTube video player\" frameborder=\"0\" allow=\"accelerometer; autoplay; clipboard-write; encrypted-media; gyroscope; picture-in-picture\" allowfullscreen>[embedded content]<\/iframe><\/p>\n<\/div><\/div>\n<p>Palmeiras se qued\u00f3 en los 12 puntos y m\u00e1s all\u00e1 de la derrota se quedar\u00e1 con el primer puesto, en tanto que <strong>Defensa tiene ocho unidades y a falta de una fecha no podr\u00e1 ser alcanzado por Independiente del Valle<\/strong>, que se qued\u00f3 en las cuatro junto a Universitario.<\/p>\n<p>El equipo dirigido por Sebasti\u00e1n <strong>Beccacece<\/strong>comenz\u00f3 con el pie derecho de la mano de Walter Bou, que en la primera que tuvo, la mand\u00f3 a guardar. Sin embargo, no iba a durar mucho la alegr\u00eda para los de Varela, ya que un minuto m\u00e1s tarde, apareci\u00f3 <strong>Z\u00e9 Rafael<\/strong> e igual\u00f3 el encuentro. Luego, a los 26, iba a entrar de nuevo en acci\u00f3n el ex delantero de <strong>Boca<\/strong>\u2013que fue mejor del primer tiempo- para darle la ventaja parcial a Defensa.<\/p>\n<p>Cuando parec\u00eda que los de Varela controlaban el partido, lleg\u00f3 otra vez el empate del <strong>\u00faltimo campe\u00f3n de la Copa Libertadores<\/strong>, en esta ocasi\u00f3n, fue <strong>Willian<\/strong>el encargado de anotar. El delantero dispar\u00f3 y tras un desv\u00edo en la defensa, Luis <strong>Unsain<\/strong>se qued\u00f3 sin chances.<\/p>\n<p>Ya en el segundo tiempo, el Halc\u00f3n sali\u00f3 con toda y con 5 minutos de juego nada m\u00e1s, Mat\u00edas <strong>Rodr\u00edguez<\/strong>anot\u00f3 el 3-2 y lo puso nuevamente en ventaja, que aguant\u00f3 un largo rato, pero que nuevamente a los 75 iba a perderla, tras el gol de <strong>Scarpa<\/strong>. Sin embargo, cuando todo parec\u00eda que terminaba, Braian <strong>Romero<\/strong>, <strong>el h\u00e9roe de la noche, le iba a dar el triunfo a Defensa en el minuto 93 del encuentro<\/strong>, public\u00f3 TyC Sports.<\/p>\n","protected":false},"excerpt":{"rendered":"<p>El concordiense Walter Bou marc\u00f3 dos tantos para el \u00abHalc\u00f3n\u00bb de Varela. Embed [embedded content] Palmeiras se qued\u00f3 en los 12 puntos y m\u00e1s all\u00e1 de la derrota se quedar\u00e1 con el primer puesto, en tanto que Defensa tiene ocho unidades y a falta de una fecha no podr\u00e1 ser alcanzado por Independiente del Valle, [&hellip;]<\/p>\n","protected":false},"author":1,"featured_media":13329,"comment_status":"closed","ping_status":"closed","sticky":false,"template":"","format":"standard","meta":[],"categories":[20],"tags":[],"_links":{"self":[{"href":"http:\/\/cordobainforma.info\/index.php\/wp-json\/wp\/v2\/posts\/13328"}],"collection":[{"href":"http:\/\/cordobainforma.info\/index.php\/wp-json\/wp\/v2\/posts"}],"about":[{"href":"http:\/\/cordobainforma.info\/index.php\/wp-json\/wp\/v2\/types\/post"}],"author":[{"embeddable":true,"href":"http:\/\/cordobainforma.info\/index.php\/wp-json\/wp\/v2\/users\/1"}],"replies":[{"embeddable":true,"href":"http:\/\/cordobainforma.info\/index.php\/wp-json\/wp\/v2\/comments?post=13328"}],"version-history":[{"count":0,"href":"http:\/\/cordobainforma.info\/index.php\/wp-json\/wp\/v2\/posts\/13328\/revisions"}],"wp:featuredmedia":[{"embeddable":true,"href":"http:\/\/cordobainforma.info\/index.php\/wp-json\/wp\/v2\/media\/13329"}],"wp:attachment":[{"href":"http:\/\/cordobainforma.info\/index.php\/wp-json\/wp\/v2\/media?parent=13328"}],"wp:term":[{"taxonomy":"category","embeddable":true,"href":"http:\/\/cordobainforma.info\/index.php\/wp-json\/wp\/v2\/categories?post=13328"},{"taxonomy":"post_tag","embeddable":true,"href":"http:\/\/cordobainforma.info\/index.php\/wp-json\/wp\/v2\/tags?post=13328"}],"curies":[{"name":"wp","href":"https:\/\/api.w.org\/{rel}","templated":true}]}}