{"id":13287,"date":"2021-05-18T09:52:00","date_gmt":"2021-05-18T09:52:00","guid":{"rendered":"https:\/\/elobjetivo.com.ar\/contenido\/34088\/river-pidio-a-la-conmebol-que-habilite-a-los-arqueros-diaz-y-gomez"},"modified":"2021-05-18T09:52:00","modified_gmt":"2021-05-18T09:52:00","slug":"river-pidio-a-la-conmebol-que-habilite-a-los-arqueros-diaz-y-gomez","status":"publish","type":"post","link":"http:\/\/cordobainforma.info\/index.php\/2021\/05\/18\/river-pidio-a-la-conmebol-que-habilite-a-los-arqueros-diaz-y-gomez\/","title":{"rendered":"River pidi\u00f3 a la Conmebol que habilite a los arqueros D\u00edaz y G\u00f3mez"},"content":{"rendered":"<p><img src=\"http:\/\/cordobainforma.info\/wp-content\/uploads\/2021\/05\/river-pidio-a-la-conmebol-que-habilite-a-los-arqueros-diaz-y-gomez.jpg\"><\/p>\n<div readability=\"32\"> <img alt=\"river-gallardo\" class=\"img-responsive\" height=\"600\" loading=\"lazy\" sizes=\"auto\" src=\"http:\/\/cordobainforma.info\/wp-content\/uploads\/2021\/05\/river-pidio-a-la-conmebol-que-habilite-a-los-arqueros-diaz-y-gomez.jpg\" srcset=\"http:\/\/cordobainforma.info\/wp-content\/uploads\/2021\/05\/river-pidio-a-la-conmebol-que-habilite-a-los-arqueros-diaz-y-gomez.jpg 1000w, http:\/\/cordobainforma.info\/wp-content\/uploads\/2021\/05\/river-pidio-a-la-conmebol-que-habilite-a-los-arqueros-diaz-y-gomez-1.jpg 400w\" width=\"1000\"> <\/p>\n<p> <span>River pidi\u00f3 a la Conmebol que habilite a los arqueros D\u00edaz y G\u00f3mez<\/span> <\/p>\n<\/p><\/div>\n<div readability=\"103\">\n<p>River Plate pidi\u00f3 formalmente a la Conmebol la habilitaci\u00f3n de los arqueros Alan Leonardo D\u00edaz y Agust\u00edn G\u00f3mez, de 21 y 19 a\u00f1os, respectivamente, para que puedan jugar en la Copa Libertadores pese a no estar incluidos en la lista de buena fe, ante los 20 casos de coronavirus positivos que afectan a su plantel profesional, que el mi\u00e9rcoles deber\u00e1 afrontar un trascendental partido ante Independiente Santa Fe de Colombia.<\/p>\n<p>Adem\u00e1s de ratificar el club de N\u00fa\u00f1ez que afrontar\u00e1 ese encuentro ante el equipo colombiano con los jugadores de que pueda disponer, solicit\u00f3 la habilitaci\u00f3n de ambos arqueros porque los cuatro guardavallas que s\u00ed est\u00e1n en esa lista de buena fe contrajeron el virus.<\/p>\n<p><strong>Un comunicado difundido la noche del lunes por River dice textualmente:<\/strong><\/p>\n<p>\u00abA 432 d\u00edas de declarada la pandemia internacional de Covid-19, el Club Atl\u00e9tico River Plate se encuentra hoy con un plantel de f\u00fatbol que, pese a haber cumplido con todos los protocolos, tiene 25 casos positivos de coronavirus (se incluyen integrantes del cuerpo t\u00e9cnico y de las \u00e1reas de cocina y seguridad).<\/p>\n<p>Resulta desalentador confirmar que no alcanz\u00f3 con dise\u00f1ar procesos espec\u00edficos y ampliar cuidados para evitar un espiral de contagios de esta naturaleza.<\/p>\n<p>\u00abDesde que volvi\u00f3 a los entrenamientos, River Plate dej\u00f3 de concentrarse en el Monumental para hacerlo en hoteles donde cada persona tuviera una habitaci\u00f3n individual, se armaron burbujas, se reforzaron las medidas de higiene y la utilizaci\u00f3n de barbijos, se modific\u00f3 la modalidad de los traslados por tierra y aire, y se teste\u00f3 a jugadores y cuerpo t\u00e9cnico cientos de veces, con test complejos de PCR y tambi\u00e9n de ant\u00edgenos para reforzar los controles.<\/p>\n<p>\u00abEstas pruebas se hicieron inclusive m\u00e1s veces de lo requerido, conscientes de que era un mecanismo fundamental para evitar contagios masivos. Adem\u00e1s, se reforzaron los cuidados en d\u00edas de partido, reduciendo al m\u00ednimo indispensable el personal involucrado en cada actividad.<\/p>\n<p>\u00abSin embargo, en el marco de uno de los momentos m\u00e1s cr\u00edticos de la pandemia a nivel regional y de nuestro pa\u00eds en particular, que hoy confirma 28.680 nuevos contagios y 505 muertes, considerando lo excepcional de la situaci\u00f3n objetiva y concreta que implica contar con una cantidad de jugadores inferior a la necesaria para jugar un partido en condiciones normales, y luego de hacer las averiguaciones y consultas t\u00e9cnicas del caso, el Club Atl\u00e9tico River Plate informa:<\/p>\n<p>\u00abQue que se ajustar\u00e1 al reglamento de Conmebol que establece que mientras se cuente con un m\u00ednimo de siete jugadores aptos de la lista de buena fe los equipos deber\u00e1n presentarse a competir ya que de lo contrario estar\u00e1n sujetos a las sanciones que surgen del reglamento.<\/p>\n<p>\u00abAsimismo, en lo que refiere a la posici\u00f3n de arquero, tambi\u00e9n ajust\u00e1ndose al reglamento -dada la particularidad del puesto y conforme a lo establecido en cuanto a la su sustituci\u00f3n por lesi\u00f3n en cualquier momento de la competencia- River Plate ha elevado al \u00e1rea de competencias de Conmebol una nota solicitando la inclusi\u00f3n de Alan Leonardo D\u00edaz y Agust\u00edn G\u00f3mez en la lista de buena fe.<\/p>\n<p>\u00abEn este dif\u00edcil contexto y en l\u00ednea con la conducta sostenida durante toda esta pandemia, la principal preocupaci\u00f3n del Club Atl\u00e9tico River Plate est\u00e1 centrada en la salud y el bienestar de sus jugadores, cuerpo t\u00e9cnico y respectivas familias\u00bb.<\/p>\n<\/p><\/div>\n","protected":false},"excerpt":{"rendered":"<p>River pidi\u00f3 a la Conmebol que habilite a los arqueros D\u00edaz y G\u00f3mez River Plate pidi\u00f3 formalmente a la Conmebol la habilitaci\u00f3n de los arqueros Alan Leonardo D\u00edaz y Agust\u00edn G\u00f3mez, de 21 y 19 a\u00f1os, respectivamente, para que puedan jugar en la Copa Libertadores pese a no estar incluidos en la lista de buena [&hellip;]<\/p>\n","protected":false},"author":1,"featured_media":13288,"comment_status":"open","ping_status":"closed","sticky":false,"template":"","format":"standard","meta":[],"categories":[20],"tags":[],"_links":{"self":[{"href":"http:\/\/cordobainforma.info\/index.php\/wp-json\/wp\/v2\/posts\/13287"}],"collection":[{"href":"http:\/\/cordobainforma.info\/index.php\/wp-json\/wp\/v2\/posts"}],"about":[{"href":"http:\/\/cordobainforma.info\/index.php\/wp-json\/wp\/v2\/types\/post"}],"author":[{"embeddable":true,"href":"http:\/\/cordobainforma.info\/index.php\/wp-json\/wp\/v2\/users\/1"}],"replies":[{"embeddable":true,"href":"http:\/\/cordobainforma.info\/index.php\/wp-json\/wp\/v2\/comments?post=13287"}],"version-history":[{"count":0,"href":"http:\/\/cordobainforma.info\/index.php\/wp-json\/wp\/v2\/posts\/13287\/revisions"}],"wp:featuredmedia":[{"embeddable":true,"href":"http:\/\/cordobainforma.info\/index.php\/wp-json\/wp\/v2\/media\/13288"}],"wp:attachment":[{"href":"http:\/\/cordobainforma.info\/index.php\/wp-json\/wp\/v2\/media?parent=13287"}],"wp:term":[{"taxonomy":"category","embeddable":true,"href":"http:\/\/cordobainforma.info\/index.php\/wp-json\/wp\/v2\/categories?post=13287"},{"taxonomy":"post_tag","embeddable":true,"href":"http:\/\/cordobainforma.info\/index.php\/wp-json\/wp\/v2\/tags?post=13287"}],"curies":[{"name":"wp","href":"https:\/\/api.w.org\/{rel}","templated":true}]}}