{"id":13257,"date":"2021-05-17T16:10:57","date_gmt":"2021-05-17T16:10:57","guid":{"rendered":"https:\/\/www.mujerhoy.com\/moda\/no-te-pierdas\/202105\/17\/traje-chaqueta-lino-mango-rebajas-conjunto-blazer-pantalon-look-primavera-barato-arrasa-influencers-20210517145155.html"},"modified":"2021-05-17T16:10:57","modified_gmt":"2021-05-17T16:10:57","slug":"este-es-el-traje-de-lino-de-mango-rebajadisimo-que-triunfa-entre-las-influencers-porque-es-perfecto-para-primavera","status":"publish","type":"post","link":"http:\/\/cordobainforma.info\/index.php\/2021\/05\/17\/este-es-el-traje-de-lino-de-mango-rebajadisimo-que-triunfa-entre-las-influencers-porque-es-perfecto-para-primavera\/","title":{"rendered":"Este es el traje de lino de Mango rebajad\u00edsimo que triunfa entre las influencers porque es perfecto para primavera"},"content":{"rendered":"<p>\u00a1Flechazo a la vista! Tenemos un nuevo look que no hemos tardado en incluir en nuestra wishlist y que t\u00fa tambi\u00e9n vas a querer copiar en cuanto lo veas. Ya te hemos hablado de<strong> la importancia de tener un traje en el armario <\/strong>y aunque en primavera se suele apostar por <a href=\"https:\/\/www.mujerhoy.com\/moda\/no-te-pierdas\/202103\/16\/como-llevar-traje-de-chaqueta-color-pastel-tendencia-primavera-sienta-bien-todas-las-tallas-130846892477-ga.html\" target=\"_blank\" rel=\"noopener noreferrer\">modelos en tonos pasteles<\/a>, lo cierto es que hacerse con uno m\u00e1s neutro que puedas usar todo el a\u00f1o es la opci\u00f3n m\u00e1s acertada. Sin embargo, ha sido en <strong>Mango <\/strong>donde hemos dado con un dise\u00f1o perfecto. En la firma low cost, adem\u00e1s de descubrir <a href=\"https:\/\/www.mujerhoy.com\/moda\/no-te-pierdas\/202105\/16\/pantalones-mango-baratos-arrasan-influencers-bonitos-favorecedores-rocio-osorno-mejor-eleccion-primavera-lluvia-sol-20210512135230.html\" target=\"_blank\" rel=\"noopener noreferrer\">estos pantalones tan bonitos<\/a> y <a href=\"https:\/\/www.mujerhoy.com\/moda\/no-te-pierdas\/202105\/16\/vestidos-flores-mango-nueva-coleccion-bonitos-baratos-hacen-tipazo-20210514185005.html\" target=\"_blank\" rel=\"noopener noreferrer\">estos dos vestidos que hacen tipazo<\/a>, hay un <strong>conjunto de chaqueta y pantal\u00f3n<\/strong> que ha enamorado a las influencers.<\/p>\n<p>Hablamos de<strong> un traje de 100% lino en color anaranjado<\/strong>. Es un conjunto que solo se encuentra disponible en la web de Mango y que est\u00e1 formado por una blazer estructurada, de corte largo y cruzado, con cuello solapa manga larga y bolsillos. Esta americana costaba 69,99 euros y puedes hacerte con ella ahora por tan solo <strong>49,99 euros<\/strong>. Y s\u00ed, aunque parezca mentira todav\u00eda se encuentra disponible en todas las tallas.<\/p>\n<div class=\"comp_mm\">\n<figure><picture><source srcset=\"http:\/\/cordobainforma.info\/wp-content\/uploads\/2021\/05\/este-es-el-traje-de-lino-de-mango-rebajadisimo-que-triunfa-entre-las-influencers-porque-es-perfecto-para-primavera.jpg, http:\/\/cordobainforma.info\/wp-content\/uploads\/2021\/05\/este-es-el-traje-de-lino-de-mango-rebajadisimo-que-triunfa-entre-las-influencers-porque-es-perfecto-para-primavera.jpg 2x\" media=\"(min-width: 1054px)\"><source srcset=\"http:\/\/cordobainforma.info\/wp-content\/uploads\/2021\/05\/este-es-el-traje-de-lino-de-mango-rebajadisimo-que-triunfa-entre-las-influencers-porque-es-perfecto-para-primavera.jpg, http:\/\/cordobainforma.info\/wp-content\/uploads\/2021\/05\/este-es-el-traje-de-lino-de-mango-rebajadisimo-que-triunfa-entre-las-influencers-porque-es-perfecto-para-primavera.jpg 2x\" media=\"(min-width: 720px)\"><source srcset=\"https:\/\/resizer.mujerhoy.com\/resizer\/resizer.php?imagen=http:\/\/cordobainforma.info\/wp-content\/uploads\/2021\/05\/este-es-el-traje-de-lino-de-mango-rebajadisimo-que-triunfa-entre-las-influencers-porque-es-perfecto-para-primavera.jpg&amp;nuevoalto=714&amp;nuevoancho=476\"><img src=\"http:\/\/cordobainforma.info\/wp-content\/uploads\/2021\/05\/este-es-el-traje-de-lino-de-mango-rebajadisimo-que-triunfa-entre-las-influencers-porque-es-perfecto-para-primavera.jpg\" alt title itemprop=\"image\"><\/picture><figcaption><\/figcaption><\/figure>\n<\/div>\n<p>El pantal\u00f3n est\u00e1 fabricado en el mismo tejido y color y es un modelo de <strong>talle alto, pernera recta y dise\u00f1o con pinzas <\/strong>que cuesta<strong> 39,99 euros<\/strong>. Ambas prendas forman parte de la colecci\u00f3n Committed, es decir, productos que han sido confeccionadas con <strong>fibras y\/o procesos de producci\u00f3n sostenible<\/strong>, reduciendo as\u00ed su impacto ambiental. \u00a1Lo m\u00e1s!<\/p>\n<p>Un dos piezas ideal para esta \u00e9poca por su tejido de lino que lo hace m\u00e1s fresco, pero tambi\u00e9n para otras \u00e9pocas del a\u00f1o por su color no tan claro. Este dos piezas se lo hemos visto lucir a <strong>Grace y Meliisa Villarreal<\/strong>, las hermanas influencers. La primera lo combin\u00f3 con una camiseta de manga corta blanca y la segunda con un top cropped floreado. Pero tambi\u00e9n lo ha llevado la estilista <strong>Erea Louro<\/strong> que ha escogido el pantal\u00f3n solo junto a una blusa de manga corta de margaritas tambi\u00e9n de Mango. Una propuesta que <strong>demuestra tambi\u00e9n lo vers\u00e1til <\/strong>que puede llegar a ser.<\/p>\n<div class=\"tb-interesa\">\n<h3>Tambi\u00e9n te interesa<\/h3>\n<\/div>\n","protected":false},"excerpt":{"rendered":"<p>\u00a1Flechazo a la vista! Tenemos un nuevo look que no hemos tardado en incluir en nuestra wishlist y que t\u00fa tambi\u00e9n vas a querer copiar en cuanto lo veas. Ya te hemos hablado de la importancia de tener un traje en el armario y aunque en primavera se suele apostar por modelos en tonos pasteles, [&hellip;]<\/p>\n","protected":false},"author":1,"featured_media":13258,"comment_status":"closed","ping_status":"closed","sticky":false,"template":"","format":"standard","meta":[],"categories":[24],"tags":[],"_links":{"self":[{"href":"http:\/\/cordobainforma.info\/index.php\/wp-json\/wp\/v2\/posts\/13257"}],"collection":[{"href":"http:\/\/cordobainforma.info\/index.php\/wp-json\/wp\/v2\/posts"}],"about":[{"href":"http:\/\/cordobainforma.info\/index.php\/wp-json\/wp\/v2\/types\/post"}],"author":[{"embeddable":true,"href":"http:\/\/cordobainforma.info\/index.php\/wp-json\/wp\/v2\/users\/1"}],"replies":[{"embeddable":true,"href":"http:\/\/cordobainforma.info\/index.php\/wp-json\/wp\/v2\/comments?post=13257"}],"version-history":[{"count":0,"href":"http:\/\/cordobainforma.info\/index.php\/wp-json\/wp\/v2\/posts\/13257\/revisions"}],"wp:featuredmedia":[{"embeddable":true,"href":"http:\/\/cordobainforma.info\/index.php\/wp-json\/wp\/v2\/media\/13258"}],"wp:attachment":[{"href":"http:\/\/cordobainforma.info\/index.php\/wp-json\/wp\/v2\/media?parent=13257"}],"wp:term":[{"taxonomy":"category","embeddable":true,"href":"http:\/\/cordobainforma.info\/index.php\/wp-json\/wp\/v2\/categories?post=13257"},{"taxonomy":"post_tag","embeddable":true,"href":"http:\/\/cordobainforma.info\/index.php\/wp-json\/wp\/v2\/tags?post=13257"}],"curies":[{"name":"wp","href":"https:\/\/api.w.org\/{rel}","templated":true}]}}