{"id":132204,"date":"2024-11-12T04:34:00","date_gmt":"2024-11-12T04:34:00","guid":{"rendered":"http:\/\/cordobainforma.info\/index.php\/2024\/11\/12\/el-indec-difunde-la-inflacion-de-octubre-y-el-gobierno-espera-que-sea-la-mas-baja-en-tres-anos\/"},"modified":"2024-11-12T04:34:00","modified_gmt":"2024-11-12T04:34:00","slug":"el-indec-difunde-la-inflacion-de-octubre-y-el-gobierno-espera-que-sea-la-mas-baja-en-tres-anos","status":"publish","type":"post","link":"http:\/\/cordobainforma.info\/index.php\/2024\/11\/12\/el-indec-difunde-la-inflacion-de-octubre-y-el-gobierno-espera-que-sea-la-mas-baja-en-tres-anos\/","title":{"rendered":"El INDEC difunde la inflaci\u00f3n de octubre y el Gobierno espera que sea la m\u00e1s baja en tres a\u00f1os"},"content":{"rendered":"<div class=\"media_block\"><\/div>\n<p>El<a target=\"_blank\" href=\"https:\/\/www.perfil.com\/noticias\/economia\/indec-el-70-de-la-poblacion-ocupada-gana-menos-de-550000.phtml\" rel=\"noopener noreferrer\"> Instituto Nacional de Censos y Estad\u00edstica (Indec) <\/a>informar\u00e1 este<strong> martes 12 de noviembr<\/strong>e&nbsp;los datos del <a target=\"_blank\" href=\"https:\/\/www.perfil.com\/noticias\/economia\/los-datos-de-inflacion-que-ilusionan-a-milei-y-caputo.phtml\" rel=\"noopener noreferrer\">\u00cdndice de Precios al Consumidor (IPC)<\/a> correspondientes a&nbsp;octubre que las consultoras privadas han situado en sus previsiones en el orden del<strong> 3%<\/strong> e incluso rompiendo ese techo, <strong>algo que se vio hace 3 a\u00f1os, all\u00e1 por mayo-junio de 2021.<\/strong><\/p>\n<p>El dato del \u00cdndice de Precios al Consumidor viene en baja y <a target=\"_blank\" href=\"https:\/\/www.perfil.com\/noticias\/economia\/el-indec-difunde-el-dato-de-inflacion-de-septiembre-que-podria-perforar-el-4.phtml#:~:text=La%20inflaci%C3%B3n%20de%20septiembre%20fue,de%20la%20era%20Milei%20%7C%20Perfil\" rel=\"noopener noreferrer\"><strong>ya en septiembre, alcanz\u00f3 el 3,5%<\/strong><\/a> y acumul\u00f3 101,6% en el a\u00f1o, al tiempo que se situ\u00f3 en 209% interanual.&nbsp;<\/p>\n<p class=\"destacadoNota\"><a target=\"_blank\" href=\"https:\/\/www.perfil.com\/noticias\/modo-fontevecchia\/orlando-ferreres-estamos-muy-proximos-a-una-unificacion-cambiaria-modof.phtml\" rel=\"noopener noreferrer\">Orlando Ferreres: \u00abEstamos muy pr\u00f3ximos a una unificaci\u00f3n cambiaria\u00bb<\/a><\/p>\n<div class=\"subscription\" readability=\"6.683257918552\">\n<p> Esto no les gusta a los autoritarios <\/p>\n<div class=\"subscription__container\" readability=\"6.1467391304348\">\n<div class=\"subscription__text-wrapper\" readability=\"31.20652173913\">\n<p> El ejercicio del periodismo profesional y cr\u00edtico es un pilar fundamental de la democracia. Por eso molesta a quienes creen ser los due\u00f1os de la verdad. <\/p>\n<\/p><\/div><\/div><\/div>\n<p>Vale indicar que la semana pasada se public\u00f3 el<a target=\"_blank\" href=\"https:\/\/www.perfil.com\/noticias\/economia\/inflacion-y-dolar-que-esperan-las-consultoras-relevadas-por-el-bcra-para-los-proximos-meses.phtml\" rel=\"noopener noreferrer\"> Relevamiento de Expectativas del Mercado<\/a>&nbsp;con las previsiones de las principales consultoras que sigue el BCRA y los resultados de la media&nbsp;proyectaron una&nbsp;<a target=\"_blank\" href=\"https:\/\/www.perfil.com\/noticias\/economia\/la-inflacion-en-la-ciudad-de-buenos-aires-fue-del-32-en-octubre-y-siguio-desacelerando.phtml\" rel=\"noopener noreferrer\"><strong>inflaci\u00f3n<\/strong><\/a>&nbsp;de&nbsp;<strong>3% para octubre y 2,9% para noviembre<\/strong>.&nbsp;<\/p>\n<p>En cuanto a la din\u00e1mica inflacionaria de cara a los pr\u00f3ximos meses, los analistas observaron&nbsp;<strong>un leve rebote en diciembre (3,2%<\/strong>), seguido de un sendero declinante:&nbsp;<strong>3% en enero, 2,8% en febrero, 2,8% en marzo y 2,6% en abril<\/strong>. De esta manera, la cifra se acercar\u00eda al&nbsp;<em>crawling peg<\/em>&nbsp;de 2% mensual pautado por el BCRA.<\/p>\n<p>En simult\u00e1neo, el conjunto de participantes del REM ubic\u00f3 sus previsiones del&nbsp;<strong>\u00cdndice de Precios al Consumidor (IPC) N\u00facleo para octubre en 2,9% y para noviembre en 2,8%<\/strong>. Tras un leve ascenso en diciembre (3%), transitar\u00eda un camino descendiente:&nbsp;<strong>2,9% en enero, 2,6% en febrero, 2,6% en marzo y 2,5% en abril<\/strong>.<\/p>\n<h2>El&nbsp;anticipo de la inflaci\u00f3n nacional: el IPC de CABA en 3,2% en octubre<\/h2>\n<p>Por su parte, la semana pasada <a target=\"_blank\" href=\"https:\/\/www.perfil.com\/noticias\/economia\/la-inflacion-en-la-ciudad-de-buenos-aires-fue-del-32-en-octubre-y-siguio-desacelerando.phtml\" rel=\"noopener noreferrer\">se conoci\u00f3 el dato de inflaci\u00f3n en la Ciudad de Buenos Aires, que fue de 3,2% en octubre<\/a>. En general, el IPC porte\u00f1o suele dar siempre alg\u00fan punto por encima de la nacional, en parte por el mayor peso de los servicios en su ponderaci\u00f3n.<\/p>\n<p>As\u00ed lo explic\u00f3 el economista Aldo Abraham a <em>Canal E<\/em>:&nbsp;<strong>\u201cEl IPC de CABA suele dar m\u00e1s alto que el nacional cuando hay aumentos de precios regulados\u201d<\/strong>, afirm\u00f3 Abram, quien luego complet\u00f3: <strong>\u201cNuestro relevamiento del IPC para octubre dio 2,7%\u201d.<\/strong><\/p>\n<p><img alt=\"inflaci\u00f3n\" src=\"http:\/\/cordobainforma.info\/wp-content\/uploads\/2024\/11\/el-indec-difunde-la-inflacion-de-octubre-y-el-gobierno-espera-que-sea-la-mas-baja-en-tres-anos.jpg\" loading=\"lazy\"><\/p>\n<p>\u00abQue est\u00e9n cerca los indicadores nos da a pensar que el piso del 3% ya se quebr\u00f3 en octubre\u201d, dispar\u00f3 el economista.&nbsp;<strong>\u201cEn CABA los alimentos subieron muy poco, muy por debajo del 3,2%\u201d<\/strong>, a\u00f1adi\u00f3.<\/p>\n<p>En esa misma l\u00ednea, Abraham anticip\u00f3 que \u201cen octubre vamos a estar por debajo del 3%\u201d.&nbsp;<strong>\u201cSe observa que en octubre hay una influencia de los precios mayoristas con la baja del impuesto Pa\u00eds\u201d<\/strong>, complement\u00f3.<\/p>\n<p>El Instituto de Estad\u00edsticas y Censos porte\u00f1o relev\u00f3 un alza de precios en octubre que implic\u00f3 una desaceleraci\u00f3n de 0,8 puntos porcentuales contra el dato de septiembre (4%).&nbsp;As\u00ed, el IPC de CABA&nbsp;<strong>acumul\u00f3 un aumento de 122,1%&nbsp;<\/strong>en los primeros&nbsp;<strong>diez meses<\/strong>&nbsp;de 2024. La suba lleg\u00f3 a&nbsp;<strong>200,9%&nbsp;<\/strong>en la comparaci\u00f3n<strong>&nbsp;<\/strong>interanual.<\/p>\n<p>La variaci\u00f3n mensual de los precios porte\u00f1os de octubre estuvo impulsada por aumentos en las<strong>&nbsp;prendas de vestir, restaurantes, salud y educaci\u00f3n<\/strong>.<\/p>\n<h2><strong>El inesperado elogio de Gabriel Rubinstein sobre el camino que lleva la gesti\u00f3n econ\u00f3mica de Milei<\/strong><\/h2>\n<p><strong>Gabriel Rubinstein<\/strong>, exsecretario de Pol\u00edtica Econ\u00f3mica del ministro Sergio Massa&nbsp;durante la gesti\u00f3n de Alberto Fern\u00e1ndez, afirm\u00f3 en los \u00faltimos d\u00edas en su cuenta de X&nbsp;que el presidente <a target=\"_blank\" href=\"https:\/\/www.perfil.com\/noticias\/economia\/gabriel-rubinstein-elogio-el-gran-trabajo-de-javier-milei-y-luis-caputo-es-probable-que-se-obtenga-un-rotundo-exito.phtml\" rel=\"noopener noreferrer\">Javier Milei y el titular de la cartera de Econom\u00eda, Luis Caputo \u201cest\u00e1n haciendo un gran trabajo <\/a>y es probable se obtenga un rotundo \u00e9xito en meses y trimestres venideros\u201d.<\/p>\n<p><img alt=\"alimentos suba\" src=\"http:\/\/cordobainforma.info\/wp-content\/uploads\/2024\/11\/el-indec-difunde-la-inflacion-de-octubre-y-el-gobierno-espera-que-sea-la-mas-baja-en-tres-anos-1.jpg\" loading=\"lazy\"><\/p>\n<p><strong>El exfuncionario se refiri\u00f3 expl\u00edcitamente a la inflaci\u00f3n <\/strong>y se\u00f1al\u00f3 que&nbsp;la gesti\u00f3n econ\u00f3mica actual llevar\u00e1 a tener una inflaci\u00f3n muy&nbsp;baja, <strong>hacia el 1% mensual.<\/strong><\/p>\n<p class=\"destacadoNota\"><a target=\"_blank\" href=\"https:\/\/www.perfil.com\/noticias\/canal-e\/aldo-abram-sobre-la-inflacion-en-octubre-vamos-a-estar-por-debajo-del-3.phtml\" rel=\"noopener noreferrer\">Aldo Abram sobre la inflaci\u00f3n: \u00abEn octubre vamos a estar por debajo del 3%\u00bb<\/a><\/p>\n<p>En su cuenta personal de X, Rubinstein indic\u00f3 que&nbsp;\u201ca pesar de una gran variedad de falacias\u201d&nbsp;como decir, por ejemplo, que es&nbsp;\u201cla peor crisis de la historia, que ven\u00edamos de 17,000% de inflaci\u00f3n, que hab\u00eda una deuda exuberante en pesos y una deuda externa comercial a punto de estallar\u201d,&nbsp;la gesti\u00f3n econ\u00f3mica actual llevar\u00e1 a tener una inflaci\u00f3n \u201cbien baja, hacia el 1% mensual, una brecha cambiaria menor al 20%, el re &#8211; acceso a mercados externos y una econom\u00eda creciendo a ritmo de 5% anual\u201d.<\/p>\n<p>No obstante, el economista tambi\u00e9n&nbsp;consider\u00f3 que el presidente y el ministro \u201ccompran riesgos pol\u00edticos, econ\u00f3micos y financieros\u201d, que pueden obligar \u201cal gobierno que en su momento pudiera sucederlo\u201d, a realizar \u201cajustes econ\u00f3micos\u201d relevantes.<\/p>\n<p>Por \u00faltimo, Rubinstein reconoci\u00f3 que, <strong>si la gesti\u00f3n sigue con estos logros posiblemente les&nbsp;de como resultado una victoria pol\u00edtica al gobierno no s\u00f3lo en 2025, sino en 2027.<\/strong> Sin embargo, le recomend\u00f3 trabajar en \u00ablo<strong>s riesgos pol\u00edticos (reversibilidad),<\/strong> <strong>econ\u00f3micos (d\u00f3lar seguramente demasiado bajo), y financieros (mix de d\u00f3lar bajo y carencia de reservas en BCRA)<\/strong>\u00ab.<\/p>\n<p>lr<\/p>\n","protected":false},"excerpt":{"rendered":"<p>El Instituto Nacional de Censos y Estad\u00edstica (Indec) informar\u00e1 este martes 12 de noviembre&nbsp;los datos del \u00cdndice de Precios al Consumidor (IPC) correspondientes a&nbsp;octubre que las consultoras privadas han situado en sus previsiones en el orden del 3% e incluso rompiendo ese techo, algo que se vio hace 3 a\u00f1os, all\u00e1 por mayo-junio de 2021. [&hellip;]<\/p>\n","protected":false},"author":1,"featured_media":132205,"comment_status":"closed","ping_status":"closed","sticky":false,"template":"","format":"standard","meta":[],"categories":[2],"tags":[],"_links":{"self":[{"href":"http:\/\/cordobainforma.info\/index.php\/wp-json\/wp\/v2\/posts\/132204"}],"collection":[{"href":"http:\/\/cordobainforma.info\/index.php\/wp-json\/wp\/v2\/posts"}],"about":[{"href":"http:\/\/cordobainforma.info\/index.php\/wp-json\/wp\/v2\/types\/post"}],"author":[{"embeddable":true,"href":"http:\/\/cordobainforma.info\/index.php\/wp-json\/wp\/v2\/users\/1"}],"replies":[{"embeddable":true,"href":"http:\/\/cordobainforma.info\/index.php\/wp-json\/wp\/v2\/comments?post=132204"}],"version-history":[{"count":0,"href":"http:\/\/cordobainforma.info\/index.php\/wp-json\/wp\/v2\/posts\/132204\/revisions"}],"wp:featuredmedia":[{"embeddable":true,"href":"http:\/\/cordobainforma.info\/index.php\/wp-json\/wp\/v2\/media\/132205"}],"wp:attachment":[{"href":"http:\/\/cordobainforma.info\/index.php\/wp-json\/wp\/v2\/media?parent=132204"}],"wp:term":[{"taxonomy":"category","embeddable":true,"href":"http:\/\/cordobainforma.info\/index.php\/wp-json\/wp\/v2\/categories?post=132204"},{"taxonomy":"post_tag","embeddable":true,"href":"http:\/\/cordobainforma.info\/index.php\/wp-json\/wp\/v2\/tags?post=132204"}],"curies":[{"name":"wp","href":"https:\/\/api.w.org\/{rel}","templated":true}]}}