{"id":130048,"date":"2024-10-22T16:23:09","date_gmt":"2024-10-22T16:23:09","guid":{"rendered":"https:\/\/playfmradio.com\/?p=8178"},"modified":"2024-10-22T16:23:09","modified_gmt":"2024-10-22T16:23:09","slug":"trueno-deslumbra-en-plaza-de-la-musica-con-el-ultimo-baile","status":"publish","type":"post","link":"http:\/\/cordobainforma.info\/index.php\/2024\/10\/22\/trueno-deslumbra-en-plaza-de-la-musica-con-el-ultimo-baile\/","title":{"rendered":"Trueno deslumbra en Plaza de la M\u00fasica con \u00abEl \u00daltimo Baile\u00bb"},"content":{"rendered":"<p>El pasado viernes, Trueno present\u00f3 su esperado show \u00abEl \u00daltimo Baile\u00bb en Plaza de la M\u00fasica, consolid\u00e1ndose como uno de los referentes del trap y la m\u00fasica urbana en Argentina. Con un escenario impactante y una producci\u00f3n cuidada, el artista llev\u00f3 a los asistentes a un viaje sonoro a trav\u00e9s de sus temas m\u00e1s emblem\u00e1ticos.<\/p>\n<p>El recital abri\u00f3 con una energ\u00eda arrolladora, donde Trueno interpret\u00f3 varias canciones de su \u00e1lbum \u00abEl \u00daltimo Baile\u00bb, incluyendo los hits que han marcado su carrera. Su estilo aut\u00e9ntico y la fusi\u00f3n de ritmos dejaron huella, mientras que los juegos de luces y efectos visuales<br \/>complementaron la experiencia, creando una atm\u00f3sfera \u00fanica.<\/p>\n<p><img loading=\"lazy\" fetchpriority=\"high\" decoding=\"async\" src=\"http:\/\/cordobainforma.info\/wp-content\/uploads\/2024\/10\/trueno-deslumbra-en-plaza-de-la-musica-con-el-ultimo-baile.jpg\" alt width=\"200\" height=\"300\" class=\"alignnone size-medium wp-image-8180\" srcset=\"http:\/\/cordobainforma.info\/wp-content\/uploads\/2024\/10\/trueno-deslumbra-en-plaza-de-la-musica-con-el-ultimo-baile.jpg 200w, http:\/\/cordobainforma.info\/wp-content\/uploads\/2024\/10\/trueno-deslumbra-en-plaza-de-la-musica-con-el-ultimo-baile-1.jpg 683w, http:\/\/cordobainforma.info\/wp-content\/uploads\/2024\/10\/trueno-deslumbra-en-plaza-de-la-musica-con-el-ultimo-baile-2.jpg 768w, http:\/\/cordobainforma.info\/wp-content\/uploads\/2024\/10\/trueno-deslumbra-en-plaza-de-la-musica-con-el-ultimo-baile-3.jpg 1024w, http:\/\/cordobainforma.info\/wp-content\/uploads\/2024\/10\/trueno-deslumbra-en-plaza-de-la-musica-con-el-ultimo-baile-4.jpg 1365w, http:\/\/cordobainforma.info\/wp-content\/uploads\/2024\/10\/trueno-deslumbra-en-plaza-de-la-musica-con-el-ultimo-baile-5.jpg 1707w\" sizes=\"(max-width: 200px) 100vw, 200px\"><\/p>\n<p>Uno de los momentos destacados de la noche fue un segmento de freestyle que sorprendi\u00f3 a todos, mostrando la habilidad de Trueno para improvisar y conectar con el p\u00fablico de manera espont\u00e1nea. Con una banda en vivo que aport\u00f3 una dimensi\u00f3n adicional a su m\u00fasica, Trueno logr\u00f3 capturar la esencia de sus composiciones, llevando a los espectadores a disfrutar de una experiencia integral.<\/p>\n<p>El show culmin\u00f3 con un cierre impactante que dej\u00f3 a todos con ganas de m\u00e1s, reafirmando el lugar de Trueno en la escena musical actual y anticipando un futuro brillante para su carrera.<\/p>\n<p>PH: Orlando Alderete \u2013 @orlaalderete<\/p>\n<p> <!-- AUTHOR PART ========================= --> <!-- AUTHOR PART END ========================= --> <\/p>\n","protected":false},"excerpt":{"rendered":"<p>El pasado viernes, Trueno present\u00f3 su esperado show \u00abEl \u00daltimo Baile\u00bb en Plaza de la M\u00fasica, consolid\u00e1ndose como uno de los referentes del trap y la m\u00fasica urbana en Argentina. Con un escenario impactante y una producci\u00f3n cuidada, el artista llev\u00f3 a los asistentes a un viaje sonoro a trav\u00e9s de sus temas m\u00e1s emblem\u00e1ticos. [&hellip;]<\/p>\n","protected":false},"author":1,"featured_media":130049,"comment_status":"closed","ping_status":"closed","sticky":false,"template":"","format":"standard","meta":[],"categories":[23,2],"tags":[],"_links":{"self":[{"href":"http:\/\/cordobainforma.info\/index.php\/wp-json\/wp\/v2\/posts\/130048"}],"collection":[{"href":"http:\/\/cordobainforma.info\/index.php\/wp-json\/wp\/v2\/posts"}],"about":[{"href":"http:\/\/cordobainforma.info\/index.php\/wp-json\/wp\/v2\/types\/post"}],"author":[{"embeddable":true,"href":"http:\/\/cordobainforma.info\/index.php\/wp-json\/wp\/v2\/users\/1"}],"replies":[{"embeddable":true,"href":"http:\/\/cordobainforma.info\/index.php\/wp-json\/wp\/v2\/comments?post=130048"}],"version-history":[{"count":0,"href":"http:\/\/cordobainforma.info\/index.php\/wp-json\/wp\/v2\/posts\/130048\/revisions"}],"wp:featuredmedia":[{"embeddable":true,"href":"http:\/\/cordobainforma.info\/index.php\/wp-json\/wp\/v2\/media\/130049"}],"wp:attachment":[{"href":"http:\/\/cordobainforma.info\/index.php\/wp-json\/wp\/v2\/media?parent=130048"}],"wp:term":[{"taxonomy":"category","embeddable":true,"href":"http:\/\/cordobainforma.info\/index.php\/wp-json\/wp\/v2\/categories?post=130048"},{"taxonomy":"post_tag","embeddable":true,"href":"http:\/\/cordobainforma.info\/index.php\/wp-json\/wp\/v2\/tags?post=130048"}],"curies":[{"name":"wp","href":"https:\/\/api.w.org\/{rel}","templated":true}]}}