{"id":129994,"date":"2024-10-22T22:21:18","date_gmt":"2024-10-22T22:21:18","guid":{"rendered":"https:\/\/www.clarin.com\/deportes\/guerra-gobierno-vs-afa-1212-polemico-decreto-resurgio-cenizas-milei-busca-voltear-dejar-jaque-chiqui-tapia_0_umOJcuxmy9.html"},"modified":"2024-10-22T22:21:18","modified_gmt":"2024-10-22T22:21:18","slug":"guerra-gobierno-vs-afa-que-es-el-1212-el-polemico-decreto-que-resurgio-de-las-cenizas-y-milei-busca-voltear-para-dejar-en-jaque-a-chiqui-tapia","status":"publish","type":"post","link":"http:\/\/cordobainforma.info\/index.php\/2024\/10\/22\/guerra-gobierno-vs-afa-que-es-el-1212-el-polemico-decreto-que-resurgio-de-las-cenizas-y-milei-busca-voltear-para-dejar-en-jaque-a-chiqui-tapia\/","title":{"rendered":"Guerra Gobierno vs AFA: qu\u00e9 es el 1212, el pol\u00e9mico decreto que resurgi\u00f3 de las cenizas y Milei busca voltear para dejar en jaque a Chiqui Tapia"},"content":{"rendered":"<p><img src=\"http:\/\/cordobainforma.info\/wp-content\/uploads\/2024\/10\/guerra-gobierno-vs-afa-que-es-el-1212-el-polemico-decreto-que-resurgio-de-las-cenizas-y-milei-busca-voltear-para-dejar-en-jaque-a-chiqui-tapia.jpg\"><\/p>\n<div class=\"sc-80531b6b-0 lkfeNa container-text text-embed\" readability=\"38\">\n<p>La guerra entre el <strong>Gobierno <\/strong>y la Asociaci\u00f3n del F\u00fatbol Argentino (<strong>AFA<\/strong>) est\u00e1 declarada y cada acci\u00f3n que surge de una trinchera, encuentra respuesta en la otra. El teatro de operaciones es el f\u00fatbol y el conflicto la introducci\u00f3n de las Sociedades An\u00f3nimas Deportivas (<strong>SAD<\/strong>). Son jugadas de ajedrez que van, seg\u00fan los movimientos de cada pieza, dan un paso de ataque o defensa.<\/p>\n<\/div>\n<div class=\"sc-80531b6b-0 lkfeNa container-text text-embed\" readability=\"37\">\n<p>Por eso el decreto que est\u00e1 en discusi\u00f3n tiene un trasfondo inequ\u00edvoco: el aumento de impuestos a los clubes suponen <strong>un ahogo financiero a futuro<\/strong>. Si los clubes no tienen para pagar obligaciones, se endeudan y si se endeudan, las SAD asoman como la salvaci\u00f3n para resolver ese tipo de problemas con dinero fresco. <strong>No se trata de un simple reduccionismo sino de una historia que lleva m\u00e1s de 20 a\u00f1os<\/strong> y suma seis presidentes en la l\u00ednea de tiempo.<\/p>\n<\/div>\n<div class=\"sc-80531b6b-0 lkfeNa container-text text-embed\" readability=\"38\">\n<p>Llev\u00f3 la firma de <strong>Eduardo Duhalde<\/strong> y se mantuvo con el resto de los presidentes electos: <strong>N\u00e9stor Kirchner <\/strong>y los dos periodos de <strong>Cristina Fern\u00e1ndez<\/strong>, hasta el de <strong>Mauricio Macri<\/strong>, quien lo derog\u00f3. Fue <strong>Alberto Fern\u00e1ndez <\/strong>en su ejercicio quien lo restituy\u00f3 recargado como DNU 510, justamente el que ahora <strong>Javier Milei <\/strong>intenta dejar sin efecto.<\/p>\n<\/div>\n<div class=\"sc-80531b6b-0 lkfeNa container-text text-embed\" readability=\"40\">\n<p>El 1212 es una declaraci\u00f3n de principios. <em>\u201cLas asociaciones civiles sin fines de lucro, tales como las entidades afiliadas a la Asociaci\u00f3n del F\u00fatbol Argentino, han contribuido al proceso formativo del hombre\u201d<\/em>, comienza el decreto y ofrece el rasgo esencial por el que, desde ese momento, se establec\u00eda un r\u00e9gimen de percepci\u00f3n y retenci\u00f3n para el ingreso de los aportes personales y contribuciones patronales diferencial.<\/p>\n<\/div>\n<div class=\"sc-80531b6b-0 lkfeNa container-text text-embed\" readability=\"38\">\n<p>En t\u00e9rminos objetivos, la contraparte que asumi\u00f3 Estado por dicha contribuci\u00f3n de los clubes entre noviembre del a\u00f1o pasado y abril de este fue de<strong> $7.091.928.560<\/strong>, seg\u00fan consta en la disposici\u00f3n publicada en el Bolet\u00edn Oficial. En t\u00e9rminos subjetivos, el mismo texto indica que la cifra constituy\u00f3 \u201cuna <strong>p\u00e9rdida <\/strong>en el r\u00e9gimen general\u201d.<\/p>\n<\/div>\n<div class=\"sc-198be8ec-0 bLKxAW image-embed image-embed \"><picture class=\"sc-198be8ec-1 fymITn\"><source media=\"(min-width: 975px)\" width=\"720\" height=\"480\" srcset=\"http:\/\/cordobainforma.info\/wp-content\/uploads\/2024\/10\/guerra-gobierno-vs-afa-que-es-el-1212-el-polemico-decreto-que-resurgio-de-las-cenizas-y-milei-busca-voltear-para-dejar-en-jaque-a-chiqui-tapia-2.jpg\"><img alt=\"A principios de septiembre, Javier Milei recibi\u00f3 en la Casa Rosada a Andr\u00e9s Fassi para empezar a armar un frente en contra de Tapia.\" src=\"http:\/\/cordobainforma.info\/wp-content\/uploads\/2024\/10\/guerra-gobierno-vs-afa-que-es-el-1212-el-polemico-decreto-que-resurgio-de-las-cenizas-y-milei-busca-voltear-para-dejar-en-jaque-a-chiqui-tapia-2.jpg\" width=\"720\" height=\"480\" decoding=\"async\" data-nimg=\"future\" loading=\"lazy\"><span class=\"epigraphe\">A principios de septiembre, Javier Milei recibi\u00f3 en la Casa Rosada a Andr\u00e9s Fassi para empezar a armar un frente en contra de Tapia.<\/span><span class=\"bkg\"><\/span><span class=\"picture-open\"><button class=\"open-image\" aria-label=\"Open Image\"><\/button><\/span><\/picture><\/div>\n<div class=\"sc-80531b6b-0 lkfeNa container-text text-embed\" readability=\"35\">\n<p>\u00bfDe d\u00f3nde salen los n\u00fameros? De la <strong>diferencia <\/strong>entre lo que pagan los clubes y lo que deber\u00edan desembolsar si no tuviesen el r\u00e9gimen especial. La AFA es agente de retenci\u00f3n del 7,5 por ciento del monto bruto percibido de diferentes ingresos.<\/p>\n<\/div>\n<div class=\"sc-80531b6b-0 lkfeNa container-text text-embed\" readability=\"41\">\n<p>Aplica a lo recaudado en los partidos, los derechos de televisaci\u00f3n de la Selecci\u00f3n, de los clubes de Liga Profesional, Primera Nacional, B, C, junto al Torneo Federal A y Primera Divisi\u00f3n femenina. El mismo porcentaje corre para las transferencias de futbolistas profesionales y al patrocinio oficial de los torneos.<\/p>\n<\/div>\n<div class=\"sc-80531b6b-0 lkfeNa container-text text-embed\" readability=\"39\">\n<p>Es decir, por cada 1.000 pesos, la AFA retiene $75 que cursa a las arcas p\u00fablicas. Sin el 1212, la cuenta ser\u00eda otra: por cada 1.000, aproximadamente retendr\u00eda algo m\u00e1s de $300. <strong>Desde esa perspectiva, el Gobierno entiende que perdi\u00f3 7 mil millones.<\/strong><\/p>\n<\/div>\n<div class=\"sc-106e49c0-0 cNjjQO freeHtml-embed undefined\" readability=\"7.4457831325301\">\n<blockquote class=\"twitter-tweet\" readability=\"8.3765060240964\">\n<p lang=\"es\" dir=\"ltr\">Por el Decreto 939\/24 firmado por el presidente <a href=\"https:\/\/twitter.com\/JMilei?ref_src=twsrc%5Etfw\">@JMilei<\/a> se dispuso finalizar en seis meses el R\u00e9gimen Especial de Seguridad Social de la Asociaci\u00f3n de F\u00fatbol Argentino (AFA).<\/p>\n<p>Para el redise\u00f1o o renovaci\u00f3n del r\u00e9gimen el Decreto 939\/24 indica que se necesita un dictamen no\u2026<\/p>\n<p>\u2014 Fede Sturzenegger (@fedesturze) <a href=\"https:\/\/twitter.com\/fedesturze\/status\/1848664849636618474?ref_src=twsrc%5Etfw\">October 22, 2024<\/a><\/p><\/blockquote><\/div>\n<div class=\"sc-80531b6b-0 lkfeNa container-text text-embed\" readability=\"40\">\n<p>El 1212 original <strong>dejaba afuera a la C, el Torneo Federal y al Femenino<\/strong>, pero el que los incluy\u00f3 en 2023 tambi\u00e9n ampli\u00f3 el alcance del 7,5 por ciento a los ingresos de \u201capuestas de toda \u00edndole que se produzcan en torno a la actividad futbol\u00edstica\u201d. Adem\u00e1s, una al\u00edcuota adicional del 0,50 para la cancelaci\u00f3n del total de las deudas preexistentes.<\/p>\n<\/div>\n<div class=\"sc-80531b6b-0 lkfeNa container-text text-embed\" readability=\"38\">\n<p>El Estado distribuye lo recaudado a las cajas del Fondo Nacional de Empleo, Sistema Integrado Previsional Argentino, R\u00e9gimen de Asignaciones Familiares y Pami. Con las sumas, primero se cancelan primero los aportes y posteriormente las contribuciones, en forma proporcional a cada r\u00e9gimen. <\/p>\n<\/div>\n<div class=\"sc-198be8ec-0 bLKxAW image-embed image-embed \"><picture class=\"sc-198be8ec-1 fymITn\"><source media=\"(min-width: 975px)\" width=\"720\" height=\"480\" srcset=\"http:\/\/cordobainforma.info\/wp-content\/uploads\/2024\/10\/guerra-gobierno-vs-afa-que-es-el-1212-el-polemico-decreto-que-resurgio-de-las-cenizas-y-milei-busca-voltear-para-dejar-en-jaque-a-chiqui-tapia-3.jpg\"><img alt=\"Claudio Tapia y Sergio Massa, con muy buena sinton\u00eda durante la presidencia de Alberto Fern\u00e1ndez. Foto: AP Photo\/Natacha Pisarenko.\" src=\"http:\/\/cordobainforma.info\/wp-content\/uploads\/2024\/10\/guerra-gobierno-vs-afa-que-es-el-1212-el-polemico-decreto-que-resurgio-de-las-cenizas-y-milei-busca-voltear-para-dejar-en-jaque-a-chiqui-tapia-3.jpg\" width=\"720\" height=\"480\" decoding=\"async\" data-nimg=\"future\" loading=\"lazy\"><span class=\"epigraphe\">Claudio Tapia y Sergio Massa, con muy buena sinton\u00eda durante la presidencia de Alberto Fern\u00e1ndez. Foto: AP Photo\/Natacha Pisarenko.<\/span><span class=\"bkg\"><\/span><span class=\"picture-open\"><button class=\"open-image\" aria-label=\"Open Image\"><\/button><\/span><\/picture><\/div>\n<div class=\"sc-80531b6b-0 lkfeNa container-text text-embed\" readability=\"39\">\n<p>Aplica tanto para los empleados de la AFA, como para los de los clubes: futbolistas, entrenadores, docentes, administrativos, personal de maestranza. Hay clubes que cuentan con m\u00e1s de 2.000 empleados de diferentes \u00e1reas.<\/p>\n<\/div>\n<p><h2>El 1212, \u00bfbandera de los socios due\u00f1os de los clubes?<\/h2>\n<\/p>\n<div class=\"sc-80531b6b-0 lkfeNa container-text text-embed\" readability=\"35\">\n<p>Podr\u00eda pensarse que el 1212 est\u00e1 conceptualmente hermanado \u00fanicamente con aquellos clubes que defienden la exclusividad de las asociaciones deportivas civiles sin fines de lucro, sin embargo <strong>no existen dirigentes detractores.<\/strong><\/p>\n<\/div>\n<div class=\"sc-80531b6b-0 lkfeNa container-text text-embed\" readability=\"39\">\n<p><strong>Andr\u00e9s Fassi<\/strong>, en Talleres, como <strong>Sebasti\u00e1n Ver\u00f3n<\/strong>, en Estudiantes, acaso los \u00fanicos dos que tomaron la bandera que plant\u00f3 el Gobierno cuando el a\u00f1o pasado estableci\u00f3 como una necesidad y urgencia la aceptaci\u00f3n por parte de la AFA, tambi\u00e9n se benefician de la normativa.<\/p>\n<\/div>\n<div class=\"sc-80531b6b-0 lkfeNa container-text text-embed\" readability=\"39\">\n<p>La intenci\u00f3n del Gobierno es crear un Comit\u00e9 que discuta la reformulaci\u00f3n del r\u00e9gimen para \u201cdiagramar un sistema eficiente, suficiente y sostenible para su reemplazo\u201d. Sin embargo ya deber\u00eda existir, dado que el decreto que revoca lo contempla en su art\u00edculo 9. Claro que en este caso, el Gobierno le marca la cancha a la AFA: puede elegir sus representantes, bajo determinadas condiciones.<\/p>\n<\/div>\n<div class=\"sc-198be8ec-0 bLKxAW image-embed image-embed \"><picture class=\"sc-198be8ec-1 fymITn\"><source media=\"(min-width: 975px)\" width=\"720\" height=\"480\" srcset=\"http:\/\/cordobainforma.info\/wp-content\/uploads\/2024\/10\/guerra-gobierno-vs-afa-que-es-el-1212-el-polemico-decreto-que-resurgio-de-las-cenizas-y-milei-busca-voltear-para-dejar-en-jaque-a-chiqui-tapia-4.jpg\"><img alt=\"Juan Sebasti\u00e1n Ver\u00f3n junto a Foster Gillett, el magnate estadounidense que est\u00e1 dispuesto a invertir en el club.\" src=\"http:\/\/cordobainforma.info\/wp-content\/uploads\/2024\/10\/guerra-gobierno-vs-afa-que-es-el-1212-el-polemico-decreto-que-resurgio-de-las-cenizas-y-milei-busca-voltear-para-dejar-en-jaque-a-chiqui-tapia-4.jpg\" width=\"720\" height=\"480\" decoding=\"async\" data-nimg=\"future\" loading=\"lazy\"><span class=\"epigraphe\">Juan Sebasti\u00e1n Ver\u00f3n junto a Foster Gillett, el magnate estadounidense que est\u00e1 dispuesto a invertir en el club.<\/span><span class=\"bkg\"><\/span><span class=\"picture-open\"><button class=\"open-image\" aria-label=\"Open Image\"><\/button><\/span><\/picture><\/div>\n<div class=\"sc-80531b6b-0 lkfeNa container-text text-embed\" readability=\"34\">\n<p>Deber\u00e1n ser tres: uno del ascenso y dos de Primera Divisi\u00f3n -no aclara si de la Liga Profesional o el Femenino- y uno de ellos deber\u00e1 seleccionarse entre los tres clubes \u201cque acrediten haber tenido mayor cantidad de socios durante el a\u00f1o 2023\u201d.<\/p>\n<\/div>\n<div class=\"sc-80531b6b-0 lkfeNa container-text text-embed\" readability=\"39\">\n<p>En la AFA todav\u00eda hay silencio. Pero a juzgar por la reacci\u00f3n en redes sociales del Tesorero <strong>Pablo Toviggino<\/strong> ser\u00e1 cuesti\u00f3n de esperar cuando sale el pr\u00f3ximo misil. <em>\u201cEl que se humilla para evitar la guerra tendr\u00e1, primero la humillaci\u00f3n y despu\u00e9s la guerra !!! Vamos COMANDANTE !!!<\/em>\u201d, poste\u00f3 el dirigente que, hasta el momento, jam\u00e1s mostr\u00f3 un pa\u00f1uelo blanco en se\u00f1al de rendici\u00f3n.<\/p>\n<\/div>\n","protected":false},"excerpt":{"rendered":"<p>La guerra entre el Gobierno y la Asociaci\u00f3n del F\u00fatbol Argentino (AFA) est\u00e1 declarada y cada acci\u00f3n que surge de una trinchera, encuentra respuesta en la otra. El teatro de operaciones es el f\u00fatbol y el conflicto la introducci\u00f3n de las Sociedades An\u00f3nimas Deportivas (SAD). Son jugadas de ajedrez que van, seg\u00fan los movimientos de [&hellip;]<\/p>\n","protected":false},"author":1,"featured_media":129995,"comment_status":"closed","ping_status":"closed","sticky":false,"template":"","format":"standard","meta":[],"categories":[20],"tags":[],"_links":{"self":[{"href":"http:\/\/cordobainforma.info\/index.php\/wp-json\/wp\/v2\/posts\/129994"}],"collection":[{"href":"http:\/\/cordobainforma.info\/index.php\/wp-json\/wp\/v2\/posts"}],"about":[{"href":"http:\/\/cordobainforma.info\/index.php\/wp-json\/wp\/v2\/types\/post"}],"author":[{"embeddable":true,"href":"http:\/\/cordobainforma.info\/index.php\/wp-json\/wp\/v2\/users\/1"}],"replies":[{"embeddable":true,"href":"http:\/\/cordobainforma.info\/index.php\/wp-json\/wp\/v2\/comments?post=129994"}],"version-history":[{"count":0,"href":"http:\/\/cordobainforma.info\/index.php\/wp-json\/wp\/v2\/posts\/129994\/revisions"}],"wp:featuredmedia":[{"embeddable":true,"href":"http:\/\/cordobainforma.info\/index.php\/wp-json\/wp\/v2\/media\/129995"}],"wp:attachment":[{"href":"http:\/\/cordobainforma.info\/index.php\/wp-json\/wp\/v2\/media?parent=129994"}],"wp:term":[{"taxonomy":"category","embeddable":true,"href":"http:\/\/cordobainforma.info\/index.php\/wp-json\/wp\/v2\/categories?post=129994"},{"taxonomy":"post_tag","embeddable":true,"href":"http:\/\/cordobainforma.info\/index.php\/wp-json\/wp\/v2\/tags?post=129994"}],"curies":[{"name":"wp","href":"https:\/\/api.w.org\/{rel}","templated":true}]}}