{"id":129992,"date":"2024-10-23T00:48:58","date_gmt":"2024-10-23T00:48:58","guid":{"rendered":"https:\/\/www.clarin.com\/deportes\/polemica-atletico-mineiro-vs-river-copa-libertadores-cobraron-penal-mano-gonzalez-pirez-brasil_0_gF36Ym1tCC.html"},"modified":"2024-10-23T00:48:58","modified_gmt":"2024-10-23T00:48:58","slug":"polemica-en-atletico-mineiro-vs-river-por-la-copa-libertadores-por-que-no-cobraron-penal-por-la-mano-de-gonzalez-pirez-en-brasil","status":"publish","type":"post","link":"http:\/\/cordobainforma.info\/index.php\/2024\/10\/23\/polemica-en-atletico-mineiro-vs-river-por-la-copa-libertadores-por-que-no-cobraron-penal-por-la-mano-de-gonzalez-pirez-en-brasil\/","title":{"rendered":"Pol\u00e9mica en Atl\u00e9tico Mineiro vs. River, por la Copa Libertadores: por qu\u00e9 no cobraron penal por la mano de Gonz\u00e1lez P\u00edrez en Brasil"},"content":{"rendered":"<p><img src=\"http:\/\/cordobainforma.info\/wp-content\/uploads\/2024\/10\/polemica-en-atletico-mineiro-vs-river-por-la-copa-libertadores-por-que-no-cobraron-penal-por-la-mano-de-gonzalez-pirez-en-brasil.jpg\"><\/p>\n<div><img src=\"http:\/\/cordobainforma.info\/wp-content\/uploads\/2024\/10\/polemica-en-atletico-mineiro-vs-river-por-la-copa-libertadores-por-que-no-cobraron-penal-por-la-mano-de-gonzalez-pirez-en-brasil-2.jpg\" class=\"ff-og-image-inserted\"><\/div>\n<div readability=\"40\">\n<p>La pol\u00e9mica invadi\u00f3 de entrada la serie de semifinales de la <strong>Copa Libertadores <\/strong>entre <strong>Atl\u00e9tico Mineiro<\/strong> y <strong>River<\/strong>, que fue el beneficiado directo por una omisi\u00f3n del VAR en el arranque del partido en Brasil. Fue a los cuatro minutos, en un c\u00f3rner desde la izquierda, que termin\u00f3 en gol de los &#8216;Galos&#8217;, pero que fue correctamente anulado por un claro offside de Deyverson, que fue chequeado por el VAR.<\/p>\n<\/div>\n<div readability=\"40\">\n<p>El punto es que, al revisar la jugada completa, se vio claramente una mano de Leandro Gonz\u00e1lez P\u00edrez, despu\u00e9s del cabezazo de Rodrigo Battaglia a la altura del punto penal. Despu\u00e9s de ese rebote, el bal\u00f3n deriv\u00f3 a la posici\u00f3n del delantero brasile\u00f1o, que convirti\u00f3 y qued\u00f3 con el festejo atragantado.<\/p>\n<\/div>\n<div readability=\"36\">\n<p>Pero el venezolano Juan Lara en ning\u00fan momento convoc\u00f3 al \u00e1rbitro principal Jes\u00fas Valenzuela a repasar la acci\u00f3n en el monitor, lo que deber\u00eda corresponder en el protocolo, producto de que se trata de una acci\u00f3n de interpretaci\u00f3n.<\/p>\n<\/div>\n<div readability=\"36\">\n<p>La mano derecha de Gonz\u00e1lez P\u00edrez, por caso, estaba en una posici\u00f3n antinatural y separada del cuerpo, dos de las condiciones que suelen pesar al momento de sancionar penal.<\/p>\n<\/div>\n","protected":false},"excerpt":{"rendered":"<p>La pol\u00e9mica invadi\u00f3 de entrada la serie de semifinales de la Copa Libertadores entre Atl\u00e9tico Mineiro y River, que fue el beneficiado directo por una omisi\u00f3n del VAR en el arranque del partido en Brasil. Fue a los cuatro minutos, en un c\u00f3rner desde la izquierda, que termin\u00f3 en gol de los &#8216;Galos&#8217;, pero que [&hellip;]<\/p>\n","protected":false},"author":1,"featured_media":129993,"comment_status":"closed","ping_status":"closed","sticky":false,"template":"","format":"standard","meta":[],"categories":[20],"tags":[],"_links":{"self":[{"href":"http:\/\/cordobainforma.info\/index.php\/wp-json\/wp\/v2\/posts\/129992"}],"collection":[{"href":"http:\/\/cordobainforma.info\/index.php\/wp-json\/wp\/v2\/posts"}],"about":[{"href":"http:\/\/cordobainforma.info\/index.php\/wp-json\/wp\/v2\/types\/post"}],"author":[{"embeddable":true,"href":"http:\/\/cordobainforma.info\/index.php\/wp-json\/wp\/v2\/users\/1"}],"replies":[{"embeddable":true,"href":"http:\/\/cordobainforma.info\/index.php\/wp-json\/wp\/v2\/comments?post=129992"}],"version-history":[{"count":0,"href":"http:\/\/cordobainforma.info\/index.php\/wp-json\/wp\/v2\/posts\/129992\/revisions"}],"wp:featuredmedia":[{"embeddable":true,"href":"http:\/\/cordobainforma.info\/index.php\/wp-json\/wp\/v2\/media\/129993"}],"wp:attachment":[{"href":"http:\/\/cordobainforma.info\/index.php\/wp-json\/wp\/v2\/media?parent=129992"}],"wp:term":[{"taxonomy":"category","embeddable":true,"href":"http:\/\/cordobainforma.info\/index.php\/wp-json\/wp\/v2\/categories?post=129992"},{"taxonomy":"post_tag","embeddable":true,"href":"http:\/\/cordobainforma.info\/index.php\/wp-json\/wp\/v2\/tags?post=129992"}],"curies":[{"name":"wp","href":"https:\/\/api.w.org\/{rel}","templated":true}]}}