{"id":129988,"date":"2024-10-22T23:38:29","date_gmt":"2024-10-22T23:38:29","guid":{"rendered":"https:\/\/somoscordobeses.com\/2024\/10\/22\/meta-enfrenta-demanda-por-implementar-funciones-que-generan-adiccion-entre-los-jovenes\/"},"modified":"2024-10-22T23:38:29","modified_gmt":"2024-10-22T23:38:29","slug":"meta-enfrenta-demanda-por-implementar-funciones-que-generan-adiccion-entre-los-jovenes","status":"publish","type":"post","link":"http:\/\/cordobainforma.info\/index.php\/2024\/10\/22\/meta-enfrenta-demanda-por-implementar-funciones-que-generan-adiccion-entre-los-jovenes\/","title":{"rendered":"Meta enfrenta demanda por implementar funciones que \u00abgeneran adicci\u00f3n\u00bb entre los j\u00f3venes"},"content":{"rendered":"<p><strong>Meta Platforms<\/strong>, <strong>la empresa matriz de Facebook<\/strong>, enfrenta en Estados Unidos una demanda del estado de Massachusetts, que acusa a la corporaci\u00f3n de implementar deliberadamente funciones en su red sociales Instagram para generar adicci\u00f3n entre los usuarios j\u00f3venes y enga\u00f1\u00f3 al p\u00fablico sobre los peligros que representaba para la salud mental de los adolescentes.<\/p>\n<p>La empresa del magnate de la tecnolog\u00eda Mark Zuckerberg \u00abha creado <strong>una molestia p\u00fablica al dise\u00f1ar y utilizar funciones de dise\u00f1o adictivas<\/strong> en Instagram para explotar las vulnerabilidades psicol\u00f3gicas de los ni\u00f1os\u00bb, dijo el&nbsp;juez del Tribunal Superior del condado de Suffolk, Peter Krupp, en Boston.<\/p>\n<p>Adem\u00e1s, la compa\u00f1\u00eda \u00abha representado falsamente al p\u00fablico que sus funciones no eran adictivas y que Meta priorizaba la salud y la seguridad de los j\u00f3venes\u00bb,<\/p>\n<div readability=\"7\">\n<p> Esto no les gusta a los autoritarios <\/p>\n<div readability=\"6.5\">\n<div readability=\"8\">\n<p> El ejercicio del periodismo profesional y cr\u00edtico es un pilar fundamental de la democracia. Por eso molesta a quienes creen ser los due\u00f1os de la verdad. <\/p>\n<\/div>\n<\/div>\n<\/div>\n<p>Y agreg\u00f3 en su resoluci\u00f3n&nbsp;de 28 p\u00e1ginas: \u00ab<strong>Meta ha presentado ahora una moci\u00f3n de desestimaci\u00f3n<\/strong> por falta de presentaci\u00f3n de una reclamaci\u00f3n. <em>Por la raz\u00f3n que se expone a continuaci\u00f3n, se rechaza dicha moci\u00f3n<\/em>\u00ab.<\/p>\n<p>Mark Zuckerberg crea un nuevo consejo asesor de productos e Inteligencia Artificial<\/p>\n<p>\u00abPara generar ingresos por publicidad, Meta dise\u00f1a y emplea deliberadamente cuatro funciones o herramientas para interferir o anular la capacidad de los usuarios j\u00f3venes de regular su tiempo en Instagram, lo que resulta en da\u00f1os mentales y f\u00edsicos por el uso adictivo\u00bb, dijo el juez Krupp.<\/p>\n<p>Las cuatro funciones mencionadas son: <strong>1) Notificaciones incesantes; 2)&nbsp;recompensas<\/strong> <strong>variables intermitentes; 3) Scroll infinito y autoplay<\/strong>; <strong>4)&nbsp;actualizaciones ef\u00edmeras<\/strong>.<\/p>\n<p>El juez dijo que, aunque la empresa declar\u00f3 que los ni\u00f1os menores de edad \u00abno deber\u00edan usar Instagram\u00bb,&nbsp;tom\u00f3 \u00abmedidas de control de edad ineficaces\u00bb en la lucha contra la adicci\u00f3n de sus usuarios.&nbsp;<\/p>\n<p>\u00abMeta utiliza un proceso de verificaci\u00f3n de edad ineficaz\u00bb, dice el documento. \u00abAunque Meta es consciente de que las personas menores de 13 a\u00f1os carecen de las habilidades necesarias para usar las redes sociales de forma segura, <strong>ha ignorado de forma imprudente o deliberada<\/strong> la existencia de cientos de miles de esos usuarios en sus plataformas porque eliminarlos afectar\u00eda al crecimiento de Instagram\u00bb.<\/p>\n<p>Mark Zuckerberg incrementar\u00e1 su fortuna unos 700 millones de d\u00f3lares en el 2024<\/p>\n<p>\u00ab<em>Si los usuarios j\u00f3venes y sus familias hubieran sabido sobre la conducta de Meta, habr\u00edan tomado sus propias medidas para controlar el uso inapropiado por parte de menores de edad<\/em>\u00ab, argument\u00f3 el juez.&nbsp;<\/p>\n<p>Tambi\u00e9n se acus\u00f3 a Meta de <strong>\u00abdejar repetidamente de lado el bienestar de los j\u00f3venes para aumentar los ingresos\u00bb<\/strong>.&nbsp;<\/p>\n<p>\u00abMeta ha fracasado reiteradamente en invertir de manera significativa en iniciativas de bienestar para abordar los da\u00f1os conocidos que sufren los usuarios j\u00f3venes. Los principales ejecutivos de Meta rechazaron reiteradamente los cambios de dise\u00f1o que, seg\u00fan las investigaciones internas de Meta, mejorar\u00edan el bienestar\u00bb, dictamin\u00f3.<\/p>\n<p>Seg\u00fan inform\u00f3 <em>Reuters<\/em>,&nbsp;la fiscal general de Massachusetts, Andrea Joy Campbell, dijo en su demanda que <strong>Meta viol\u00f3 la ley estatal de protecci\u00f3n al consumidor<\/strong> y \u00ab<em>cre\u00f3 una molestia p\u00fablica<\/em>\u00ab.<\/p>\n<p>Cuando present\u00f3 la demanda en octubre del a\u00f1o pasado en nombre del estado, la fiscal general dijo que \u00ab<em>Meta se ha aprovechado de toda una generaci\u00f3n de j\u00f3venes para obtener ganancias<\/em>\u00ab. Tambi\u00e9n dijo&nbsp;que Meta supuso una carga indebida para los sistemas escolares y aument\u00f3 los gastos de atenci\u00f3n sanitaria en Massachusetts.<\/p>\n<p>SAP se convierte en la empresa tecnol\u00f3gica m\u00e1s valiosa de Europa<\/p>\n<p>\u00abLa empresa sab\u00eda exactamente c\u00f3mo sus decisiones de dise\u00f1o pod\u00edan y pod\u00edan enganchar a los j\u00f3venes hasta el punto de la adicci\u00f3n y, sin embargo, sigui\u00f3 utiliz\u00e1ndolas y, en muchos casos, rechaz\u00f3 el uso de alternativas viables que sab\u00eda que mitigar\u00edan el da\u00f1o a nuestros <strong>j\u00f3venes. Hicieron todo esto con el beneficio en mente, no con las personas<\/strong>, no con los j\u00f3venes usuarios\u00bb, aleg\u00f3 Campbell.<\/p>\n<p>La empresa pidi\u00f3 al juez desestimar la acusaci\u00f3n, argumentando que el caso del estado estaba prohibido por la \u00ab<em>Ley de Decencia en las Comunicaciones de 1996<\/em>\u00ab, una ley federal que protege ampliamente a las empresas de Internet de demandas por contenido publicado por los usuarios.<\/p>\n<p>Pero el juez Krupp respondi\u00f3 que <strong>dicha ley no se aplica a las declaraciones falsas que supuestamente Meta hizo<\/strong> <strong>sobre la seguridad de Instagram<\/strong>, sus esfuerzos para proteger el bienestar de sus usuarios j\u00f3venes o sus sistemas de verificaci\u00f3n de edad para garantizar que las personas menores de 13 a\u00f1os se mantengan fuera de la plataforma.<\/p>\n<p>El juez explic\u00f3, adem\u00e1s, que las acusaciones&nbsp;sobre los impactos negativos de las caracter\u00edsticas de dise\u00f1o de Instagram tampoco estaban excluidas porque Massachusetts \u00ab<em>buscaba principalmente responsabilizar a Meta por su propia conducta comercial<\/em>\u00ab, no por el contenido publicado por terceros.<\/p>\n<p>La demanda es el <strong>resultado de una investigaci\u00f3n&nbsp;bipartidista y multiestatal&nbsp;iniciada&nbsp;en Massachusetts en 2021<\/strong>,&nbsp;por la predecesora de Campbell como fiscal general, Maura Healey, quien ahora es gobernadora.&nbsp;Los documentos publicados por la ex empleada de Facebook Frances Haugen mostraron que Meta era consciente del da\u00f1o que Instagram pod\u00eda causar a los usuarios m\u00e1s j\u00f3venes.<\/p>\n<p>ds<\/p>\n","protected":false},"excerpt":{"rendered":"<p>Meta Platforms, la empresa matriz de Facebook, enfrenta en Estados Unidos una demanda del estado de Massachusetts, que acusa a la corporaci\u00f3n de implementar deliberadamente funciones en su red sociales Instagram para generar adicci\u00f3n entre los usuarios j\u00f3venes y enga\u00f1\u00f3 al p\u00fablico sobre los peligros que representaba para la salud mental de los adolescentes. La [&hellip;]<\/p>\n","protected":false},"author":1,"featured_media":129989,"comment_status":"closed","ping_status":"closed","sticky":false,"template":"","format":"standard","meta":[],"categories":[2],"tags":[],"_links":{"self":[{"href":"http:\/\/cordobainforma.info\/index.php\/wp-json\/wp\/v2\/posts\/129988"}],"collection":[{"href":"http:\/\/cordobainforma.info\/index.php\/wp-json\/wp\/v2\/posts"}],"about":[{"href":"http:\/\/cordobainforma.info\/index.php\/wp-json\/wp\/v2\/types\/post"}],"author":[{"embeddable":true,"href":"http:\/\/cordobainforma.info\/index.php\/wp-json\/wp\/v2\/users\/1"}],"replies":[{"embeddable":true,"href":"http:\/\/cordobainforma.info\/index.php\/wp-json\/wp\/v2\/comments?post=129988"}],"version-history":[{"count":0,"href":"http:\/\/cordobainforma.info\/index.php\/wp-json\/wp\/v2\/posts\/129988\/revisions"}],"wp:featuredmedia":[{"embeddable":true,"href":"http:\/\/cordobainforma.info\/index.php\/wp-json\/wp\/v2\/media\/129989"}],"wp:attachment":[{"href":"http:\/\/cordobainforma.info\/index.php\/wp-json\/wp\/v2\/media?parent=129988"}],"wp:term":[{"taxonomy":"category","embeddable":true,"href":"http:\/\/cordobainforma.info\/index.php\/wp-json\/wp\/v2\/categories?post=129988"},{"taxonomy":"post_tag","embeddable":true,"href":"http:\/\/cordobainforma.info\/index.php\/wp-json\/wp\/v2\/tags?post=129988"}],"curies":[{"name":"wp","href":"https:\/\/api.w.org\/{rel}","templated":true}]}}