{"id":108686,"date":"2024-04-07T21:38:34","date_gmt":"2024-04-07T21:38:34","guid":{"rendered":"https:\/\/somoscordobeses.com\/2024\/04\/07\/milei-busca-ampliar-la-sociedad-de-la-argentina-con-la-otan-cual-es-el-plan-y-que-implica-para-el-pais\/"},"modified":"2024-04-07T21:38:34","modified_gmt":"2024-04-07T21:38:34","slug":"milei-busca-ampliar-la-sociedad-de-la-argentina-con-la-otan-cual-es-el-plan-y-que-implica-para-el-pais","status":"publish","type":"post","link":"http:\/\/cordobainforma.info\/index.php\/2024\/04\/07\/milei-busca-ampliar-la-sociedad-de-la-argentina-con-la-otan-cual-es-el-plan-y-que-implica-para-el-pais\/","title":{"rendered":"Milei busca ampliar la sociedad de la Argentina con la OTAN: cu\u00e1l es el plan y qu\u00e9 implica para el pa\u00eds"},"content":{"rendered":"<p>El Gobierno avanza a toda velocidad hacia <strong>nuevas formas de relaci\u00f3n con Estados Unidos<\/strong> y otras potencias occidentales. Lo dej\u00f3 tambi\u00e9n expuesto el presidente Javier Milei cuando viaj\u00f3 sorpresivamente el viernes en la madrugada a reunirse con la jefa del Comando Sur de los Estados Unidos, Laura Richardson, en Ushuaia.<\/p>\n<p>El Presidente habl\u00f3 de que Argentina entraba en una \u201cnueva doctrina de pol\u00edtica exterior\u201d y uno de esos s\u00edntomas se traduce en la propuesta que se amasa en el oficialismo argentino para que <strong>el pa\u00eds pase a ser \u201csocio global\u201d de la Alianza Atl\u00e1ntica del Norte, la OTAN<\/strong>.<\/p>\n<p>Este deseo ser\u00e1 puesto sobre la mesa en <strong>el viaje que har\u00e1 a Dinamarca<\/strong> el fin de semana pr\u00f3ximo el ministro de Defensa,<strong> Luis Petri<\/strong>. El lunes 15 de abril firmar\u00e1 el contrato final con sus pares all\u00ed para la compra de 24 aviones caza F\/16 Falcon Fighting, que ser\u00e1n destinados a tareas defensivas y disuasivas de la Fuerza Aerea. Los cazas de guerra supers\u00f3nico F16 est\u00e1n en poder los dinamarqueses pero fueron fabricados por Estados Unidos, pa\u00eds que <strong>ayudar\u00e1 en el financiamiento de los 700 millones de d\u00f3lares para esta compra <\/strong>que incluye el armamento de las aeronaves.<\/p>\n<p>Pero Petri y su equipo de internacionalistas en el Ministerio de Defensa tambi\u00e9n viajar\u00e1n a Noruega -aqu\u00ed en particular se renegociar\u00e1n los pagos de unos aviones Orion P3 comprados para la Armada- y a B\u00e9lgica. Pero la nueva relaci\u00f3n m\u00e1s estrecha que se est\u00e1 cocinando con Estados Unidos tambi\u00e9n es central para estos planes.<\/p>\n<div><picture><source height=\"480\" media=\"(min-width: 975px)\" width=\"720\"><img alt=\"Milei y Petri recibieron a la general Richardson en una semana de intensas actividades - Donaci\u00f3n de un avi\u00f3n H\u00e9rcules 130 por parte de Estados Unidos.\" data-nimg=\"future\" decoding=\"async\" height=\"480\" loading=\"lazy\" src=\"http:\/\/cordobainforma.info\/wp-content\/uploads\/2024\/04\/milei-busca-ampliar-la-sociedad-de-la-argentina-con-la-otan-cual-es-el-plan-y-que-implica-para-el-pais.jpg\" width=\"720\"><span>Milei y Petri recibieron a la general Richardson en una semana de intensas actividades \u2013 Donaci\u00f3n de un avi\u00f3n H\u00e9rcules 130 por parte de Estados Unidos.<\/span><span><\/span><span><\/span><\/picture><\/div>\n<h2>Categor\u00edas diferentes<\/h2>\n<p>Adem\u00e1s de manifestar que la Argentina quiere ser \u201csocio global\u201d de la OTAN, el ministro y su equipo expondr\u00e1 sobre las necesidades que tiene el pa\u00eds de financiamientos, confi\u00f3 una fuente oficial a <strong>Clar\u00edn.<\/strong> Y tambi\u00e9n ofrecer\u00e1 que si las f\u00e1bricas militares locales se ponen a tiro de la industria militar podr\u00edan disponer de municiones que le lleguen a incluso a Ucrania que libra una guerra de resistencia contra Rusia gracias al multimillonario env\u00edo de armas, equipos y entrenamiento que suministra la OTAN.<\/p>\n<p>En la regi\u00f3n <strong>s\u00f3lo Colombia es socio global de la OTAN<\/strong>, creada en 1949 con 12 pa\u00edses que se comprometieron a defenderse mutuamente en caso de agresi\u00f3n armada contra cualquiera de ellos de un tercer Estado y suman hoy 31 al incorporarse Suecia. A decir verdad, si fue creada para luchar y disuadir a la Uni\u00f3n Sovi\u00e9tica y al campo comunista. <strong>Hoy libra una guerra \u201cindirecta\u201d contra las fuerzas de la Federaci\u00f3n rusa <\/strong>al apoyar abiertamente a Ucrania.<\/p>\n<p>La asociaci\u00f3n global a la OTAN es una categor\u00eda muy distinta y de mucho<strong> mayor relaci\u00f3n, compromisos y beneficios con el organismo<\/strong> que la que tiene la Argentina como \u201caliado extra OTAN\u201d desde el gobierno de Carlos Menem.<\/p>\n<p>Argentina es desde 1997 es \u201caliada extra OTAN\u201d, al igual que Brasil pero es un acuerdo especial con Estados Unidos y no con toda la Alianza Atl\u00e1ntica del Norte. Es de relativa \u201cbaja intensidad\u201d y si bien ninguno de los sectores contrarios a ella, como el kirchnerismo, arriesg\u00f3 a darla de baja, quienes estaban a favor la aprovecharon.<\/p>\n<p>\u00bfIncluye esta asociaci\u00f3n global una obligaci\u00f3n a entrar en guerra o acci\u00f3n militar para la Argentina si se diera el cuadro de situaci\u00f3n como la ayuda que la OTAN est\u00e1 suministrado a Ucrania contra Rusia? S\u00ed y no, reconocen fuentes oficiales. Ser\u00eda una decisi\u00f3n soberana del pa\u00eds, pero el marco legal ya existir\u00eda.<\/p>\n<p>Son \u201csocios globales\u201d de la OTAN, Afganist\u00e1n, Australia, Colombia, Irak, Jap\u00f3n, la Rep\u00fablica de Corea, Mongolia, Nueva Zelanda y Pakist\u00e1n. \u201cEstos tienen acceso a la gama completa de actividades que la OTAN ofrece a todos los socios\u201d, se inform\u00f3.<\/p>\n<p>Las fuerzas armadas de Colombia por ejemplo -que se asoci\u00f3 en 2013 y recibe esa denominaci\u00f3n de socio global desde 2017- cooperan en entrenamiento con los miembros de la OTAN. Trabajan junto en seguridad cibern\u00e9tica, mar\u00edtima y combate al terrorismo y otros actores del crimen organizado.<\/p>\n<div><picture><source height=\"480\" media=\"(min-width: 975px)\" width=\"720\"><img alt=\"Milei y Petri recibieron a la general Richardson en una semana de intensas actividades - Donaci\u00f3n de un avi\u00f3n H\u00e9rcules 130 por parte de Estados Unidos.\" data-nimg=\"future\" decoding=\"async\" height=\"480\" loading=\"lazy\" src=\"http:\/\/cordobainforma.info\/wp-content\/uploads\/2024\/04\/milei-busca-ampliar-la-sociedad-de-la-argentina-con-la-otan-cual-es-el-plan-y-que-implica-para-el-pais-1.jpg\" width=\"720\"><span>Milei y Petri recibieron a la general Richardson en una semana de intensas actividades \u2013 Donaci\u00f3n de un avi\u00f3n H\u00e9rcules 130 por parte de Estados Unidos.<\/span><span><\/span><span><\/span><\/picture><\/div>\n<h2>Milei y Zelensky<\/h2>\n<p>En su guerra de resistencia contra la invasi\u00f3n rusa, el gobierno de Volodimir Zelensky le pidi\u00f3 al de Javier Milei a trav\u00e9s de sus representantes y de funcionarios de la administraci\u00f3n de Joe Biden en Buenos Aires que quer\u00edan dos cosas adem\u00e1s de apoyo pol\u00edtico y diplom\u00e1tico: que <strong>Argentina le transfiriera dos helic\u00f3pteros rusos<\/strong> que aqu\u00ed se usaban para la Campa\u00f1a Ant\u00e1rtida y que est\u00e1n en desuso, y que <strong>le enviaran municiones<\/strong>.<\/p>\n<p>El planteo ya lo hab\u00edan hecho Kiev y sus socios estadounidenses a los militares y diplom\u00e1ticos argentinos durante el gobierno de Alberto Fern\u00e1ndez y no prosper\u00f3. Milei invit\u00f3 a Zelensky a su asunci\u00f3n, el pasado 10 de diciembre. Y las conversaciones siguieron. El presidente argentino quiere ir a Kiev en junio, pero todav\u00eda ese viaje no fue reconfirmado por la Casa Rosada.<\/p>\n<p>Kiev tiene un grave problema para seguir su guerra contra las fuerzas de Vladimir Putin. Le faltan hombres y mujeres para su ej\u00e9rcito y se queda sin municiones m\u00e1s all\u00e1 de la multimillonaria ayuda b\u00e9lica que sigue recibiendo de la OTAN, con Estados Unidos y sus aliados europeos a la cabeza.<\/p>\n<p>La idea de que se env\u00eden los helic\u00f3pteros rusos en desuso no fue bien recibida por los militares argentinos que temen hacer semejante gesto de antipat\u00eda a los rusos, aunque los lazos de cooperaci\u00f3n militar con Mosc\u00fa hoy est\u00e1n suspendidos.<\/p>\n<div><picture><source height=\"480\" media=\"(min-width: 975px)\" width=\"720\"><img alt=\"El presidente Javier Milei, y el presidente de Ucrania, Volodymyr Zelenskiy, durante la asunci\u00f3n del libertario, el 10 de diciembre pasado Reuter\" data-nimg=\"future\" decoding=\"async\" height=\"480\" loading=\"lazy\" src=\"http:\/\/cordobainforma.info\/wp-content\/uploads\/2024\/04\/milei-busca-ampliar-la-sociedad-de-la-argentina-con-la-otan-cual-es-el-plan-y-que-implica-para-el-pais-2.jpg\" width=\"720\"><span>El presidente Javier Milei, y el presidente de Ucrania, Volodymyr Zelenskiy, durante la asunci\u00f3n del libertario, el 10 de diciembre pasado Reuter<\/span><span><\/span><span><\/span><\/picture><\/div>\n<p>Un a\u00f1o y medio atr\u00e1s, la propia general Laura Richardson habl\u00f3 en el Atl\u00e1ntico Council y dijo que el Pent\u00e1gono estaba en negociaciones con gobiernos latinoamericanos para la transferencia de armas a Ucrania. No dio m\u00e1s detalles y es probable que el tema se haya vuelto al hablar ahora con el Ministerio de Defensa de Javier Milei, en conversaciones de las cuales s\u00f3lo hicieron trascender que Estados Unidos y Argentina <strong>empiezan a comprometerse para alejar a China de sus intereses en el Atl\u00e1ntico Sur.<\/strong><\/p>\n<p>Pero la idea de fabricar municiones, especialmente ca\u00f1ones que se provean a un tercer pa\u00eds de la OTAN, como Dinamarca, y que estos terminen en Ucrania, s\u00ed es una idea que entusiasma. Porque detr\u00e1s de esto en realidad hay <strong>un plan de reactivar todo el aparato militar no s\u00f3lo para Ucrania.<\/strong><\/p>\n<p>Tambi\u00e9n supo <strong>Clar\u00edn<\/strong> que comienza a circular un concepto entre hombres del Gobierno: el plan de que s\u00f3lo la cooperaci\u00f3n y la alianza estrat\u00e9gica con los aliados militares de Gran Breta\u00f1a puede acercar a las <strong>Islas Malvinas<\/strong> a la Argentina<\/p>\n<p>A lo largo de todos los gestos de amistad que le hizo Milei a Richardson, y el di\u00e1logo que busca con el Reino Unido, antepone la frase de soberan\u00eda nacional y de que las Malvinas son Argentinas.<\/p>\n<p>El \u00fanico riesgo es que hasta ahora no incluy\u00f3 en ese plan a los vecinos, ni a Chile, Brasil o Uruguay. Pero es interesante para un pa\u00eds que ha probado la paz, la diplomacia y la guerra para recuperar el archipi\u00e9lago.<\/p>\n","protected":false},"excerpt":{"rendered":"<p>El Gobierno avanza a toda velocidad hacia nuevas formas de relaci\u00f3n con Estados Unidos y otras potencias occidentales. Lo dej\u00f3 tambi\u00e9n expuesto el presidente Javier Milei cuando viaj\u00f3 sorpresivamente el viernes en la madrugada a reunirse con la jefa del Comando Sur de los Estados Unidos, Laura Richardson, en Ushuaia. El Presidente habl\u00f3 de que [&hellip;]<\/p>\n","protected":false},"author":1,"featured_media":108687,"comment_status":"closed","ping_status":"closed","sticky":false,"template":"","format":"standard","meta":[],"categories":[2],"tags":[],"_links":{"self":[{"href":"http:\/\/cordobainforma.info\/index.php\/wp-json\/wp\/v2\/posts\/108686"}],"collection":[{"href":"http:\/\/cordobainforma.info\/index.php\/wp-json\/wp\/v2\/posts"}],"about":[{"href":"http:\/\/cordobainforma.info\/index.php\/wp-json\/wp\/v2\/types\/post"}],"author":[{"embeddable":true,"href":"http:\/\/cordobainforma.info\/index.php\/wp-json\/wp\/v2\/users\/1"}],"replies":[{"embeddable":true,"href":"http:\/\/cordobainforma.info\/index.php\/wp-json\/wp\/v2\/comments?post=108686"}],"version-history":[{"count":0,"href":"http:\/\/cordobainforma.info\/index.php\/wp-json\/wp\/v2\/posts\/108686\/revisions"}],"wp:featuredmedia":[{"embeddable":true,"href":"http:\/\/cordobainforma.info\/index.php\/wp-json\/wp\/v2\/media\/108687"}],"wp:attachment":[{"href":"http:\/\/cordobainforma.info\/index.php\/wp-json\/wp\/v2\/media?parent=108686"}],"wp:term":[{"taxonomy":"category","embeddable":true,"href":"http:\/\/cordobainforma.info\/index.php\/wp-json\/wp\/v2\/categories?post=108686"},{"taxonomy":"post_tag","embeddable":true,"href":"http:\/\/cordobainforma.info\/index.php\/wp-json\/wp\/v2\/tags?post=108686"}],"curies":[{"name":"wp","href":"https:\/\/api.w.org\/{rel}","templated":true}]}}