{"id":106611,"date":"2024-03-20T21:36:00","date_gmt":"2024-03-20T21:36:00","guid":{"rendered":"http:\/\/cordobainforma.info\/index.php\/2024\/03\/20\/el-desempleo-se-mantuvo-en-57-durante-el-ultimo-trimestre-de-2023\/"},"modified":"2024-03-20T21:36:00","modified_gmt":"2024-03-20T21:36:00","slug":"el-desempleo-se-mantuvo-en-57-durante-el-ultimo-trimestre-de-2023","status":"publish","type":"post","link":"http:\/\/cordobainforma.info\/index.php\/2024\/03\/20\/el-desempleo-se-mantuvo-en-57-durante-el-ultimo-trimestre-de-2023\/","title":{"rendered":"El desempleo se mantuvo en 5,7% durante el \u00faltimo trimestre de 2023"},"content":{"rendered":"<div class=\"media_block\"><\/div>\n<p><strong>El desempleo en el <a target=\"_blank\" href=\"https:\/\/www.perfil.com\/noticias\/economia\/escenario-de-recesion-el-pbi-de-2023-cerro-con-una-caida-de-16.phtml\" rel=\"noopener noreferrer\">cuarto trimestre de 2023<\/a> se ubic\u00f3 en el 5,7%<\/strong>, alcanzando a 800 mil personas, el <a target=\"_blank\" href=\"https:\/\/www.perfil.com\/noticias\/economia\/el-desempleo-bajo-a-57-en-el-tercer-trimestre-segun-el-indec.phtml\" rel=\"noopener noreferrer\">mismo nivel que en el trimestre anterior.<\/a>&nbsp;Adem\u00e1s,&nbsp;representa retroceso de 0,6% respecto al mismo per\u00edodo de 2022 (6,3%), seg\u00fan datos de la <a target=\"_blank\" href=\"https:\/\/www.perfil.com\/noticias\/economia\/el-indec-realizara-cambios-en-la-metodologia-para-calcular-la-inflacion.phtml\" rel=\"noopener noreferrer\">Instituto Nacional de Estad\u00edsticas y Censos (INDEC).<\/a><\/p>\n<p>En el \u00faltimo cuatrimestre del a\u00f1o pasado, la <strong>tasa de actividad (TA)<\/strong> \u2013que mide la poblaci\u00f3n econ\u00f3micamente activa (PEA) sobre el total de la poblaci\u00f3n\u2013 alcanz\u00f3 el 48,6%, mientras&nbsp;la tasa de empleo (TE) \u2013que mide la proporci\u00f3n de personas ocupadas con relaci\u00f3n a la poblaci\u00f3n total\u2013 se ubic\u00f3 en 45,8%.<\/p>\n<p class=\"destacadoNota\"><a target=\"_blank\" href=\"https:\/\/www.perfil.com\/noticias\/modo-fontevecchia\/el-economista-ex-amigo-de-milei-pronostica-desempleo-de-dos-digitos-y-superavit-fiscal-insostenible-modof.phtml\" rel=\"noopener noreferrer\">El economista ex amigo de Milei pronostica desempleo de dos d\u00edgitos y super\u00e1vit fiscal insostenible<\/a><\/p>\n<p>Dentro <strong>la tasa de desocupaci\u00f3n (TD)<\/strong> \u2013personas que no tienen ocupaci\u00f3n, est\u00e1n disponibles para trabajar y buscan empleo activamente, como proporci\u00f3n de la PEA\u2013 se ubic\u00f3 en 5,7%.<\/p>\n<p>La tasa de desocupaci\u00f3n f<strong>ue superior en mujeres (6,1%)<\/strong> que en varones (5,4%). La tasa de<strong> subocupaci\u00f3n result\u00f3 del 10,5% de la PEA, <\/strong>mientras que los otros ocupados demandantes y los otros ocupados no demandantes disponibles alcanzaron, en conjunto, el 11,3% de la PEA.<\/p>\n<p><img alt=\"Desempleo en el cuarto trimestre de 2023 20240320\" src=\"http:\/\/cordobainforma.info\/wp-content\/uploads\/2024\/03\/el-desempleo-se-mantuvo-en-57-durante-el-ultimo-trimestre-de-2023-1.jpg\" loading=\"lazy\"><\/p>\n<p>Consecuentemente, la presi\u00f3n sobre el mercado laboral, conformada por el universo de desocupados, subocupados, ocupados demandantes y ocupados no demandantes disponibles,<strong> alcanz\u00f3 el 27,4% de la PEA.&nbsp;<\/strong><\/p>\n<p>Al observar las poblaciones espec\u00edficas, dentro del universo de 14 a\u00f1os y m\u00e1s, desagregada por sexo, <strong>la TA para los varones fue de 71,1%<\/strong>, mientras que para las mujeres dicha tasa se ubic\u00f3 en 52,5%.<\/p>\n<p><img alt=\"El trabajo independiente tiene autonom\u00eda y libertad\" src=\"http:\/\/cordobainforma.info\/wp-content\/uploads\/2024\/03\/el-desempleo-se-mantuvo-en-57-durante-el-ultimo-trimestre-de-2023-2.jpg\" loading=\"lazy\"><\/p>\n<h2><strong>Tasa de actividad seg\u00fan regiones<\/strong><\/h2>\n<p>A nivel geogr\u00e1fico, las regiones que presentaron <strong>mayores tasas de actividad fueron Gran Buenos Aires (49,4%),<\/strong> Pampeana (48,6%) y Cuyo (47,9%). Por otra parte, la que present\u00f3 la menor tasa de actividad fue Noreste (44,3%).<\/p>\n<p>Considerando el tama\u00f1o de los aglomerados, en los de 500.000 y m\u00e1s habitantes la TA (49,2%) fue superior a la de menos de 500.000 habitantes (45,6%).<\/p>\n<p><img alt=\"Desempleo en el cuarto trimestre de 2023 20240320\" src=\"http:\/\/cordobainforma.info\/wp-content\/uploads\/2024\/03\/el-desempleo-se-mantuvo-en-57-durante-el-ultimo-trimestre-de-2023-3.jpg\" loading=\"lazy\"><\/p>\n<h2><strong>Tasa de desocupaci\u00f3n por regiones<\/strong><\/h2>\n<p>Entre las regiones, las que mostraron la <strong>mayor tasa de desocupaci\u00f3n fueron Gran Buenos Aires<\/strong> y Pampeana, con 6,5% y 5,6% respectivamente. Al mismo tiempo, se destaca que la regi\u00f3n con menor TD fue Patagonia (3,4%).<\/p>\n<p>En cuanto al tama\u00f1o de los aglomerados, la TD fue <strong>inferior en los aglomerados de menor poblaci\u00f3n:<\/strong> en los aglomerados con menos de 500.000 habitantes result\u00f3 de 3,6% de la PEA, mientras que se posicion\u00f3 en 6,2% en aquellos con 500.000 y m\u00e1s habitantes.<\/p>\n<p>En referencia al nivel educativo de las personas desocupadas, el <strong>71,5% cuentan con estudio hasta secundario completo,<\/strong> y el 28,5% presentan nivel superior y universitario, completo o incompleto. En cuanto al tiempo de b\u00fasqueda, el 67,3% lleva buscando empleo desde menos de 1 mes hasta 12 meses, mientras que el 32,7% lleva m\u00e1s.<\/p>\n<p>LM<\/p>\n<div class=\"article__tags\">\n<p>En esta Nota<\/p>\n<\/p><\/div>\n","protected":false},"excerpt":{"rendered":"<p>El desempleo en el cuarto trimestre de 2023 se ubic\u00f3 en el 5,7%, alcanzando a 800 mil personas, el mismo nivel que en el trimestre anterior.&nbsp;Adem\u00e1s,&nbsp;representa retroceso de 0,6% respecto al mismo per\u00edodo de 2022 (6,3%), seg\u00fan datos de la Instituto Nacional de Estad\u00edsticas y Censos (INDEC). En el \u00faltimo cuatrimestre del a\u00f1o pasado, la [&hellip;]<\/p>\n","protected":false},"author":1,"featured_media":106612,"comment_status":"closed","ping_status":"closed","sticky":false,"template":"","format":"standard","meta":[],"categories":[2],"tags":[],"_links":{"self":[{"href":"http:\/\/cordobainforma.info\/index.php\/wp-json\/wp\/v2\/posts\/106611"}],"collection":[{"href":"http:\/\/cordobainforma.info\/index.php\/wp-json\/wp\/v2\/posts"}],"about":[{"href":"http:\/\/cordobainforma.info\/index.php\/wp-json\/wp\/v2\/types\/post"}],"author":[{"embeddable":true,"href":"http:\/\/cordobainforma.info\/index.php\/wp-json\/wp\/v2\/users\/1"}],"replies":[{"embeddable":true,"href":"http:\/\/cordobainforma.info\/index.php\/wp-json\/wp\/v2\/comments?post=106611"}],"version-history":[{"count":0,"href":"http:\/\/cordobainforma.info\/index.php\/wp-json\/wp\/v2\/posts\/106611\/revisions"}],"wp:featuredmedia":[{"embeddable":true,"href":"http:\/\/cordobainforma.info\/index.php\/wp-json\/wp\/v2\/media\/106612"}],"wp:attachment":[{"href":"http:\/\/cordobainforma.info\/index.php\/wp-json\/wp\/v2\/media?parent=106611"}],"wp:term":[{"taxonomy":"category","embeddable":true,"href":"http:\/\/cordobainforma.info\/index.php\/wp-json\/wp\/v2\/categories?post=106611"},{"taxonomy":"post_tag","embeddable":true,"href":"http:\/\/cordobainforma.info\/index.php\/wp-json\/wp\/v2\/tags?post=106611"}],"curies":[{"name":"wp","href":"https:\/\/api.w.org\/{rel}","templated":true}]}}